{"id":9852,"date":"2026-02-10T09:12:47","date_gmt":"2026-02-10T08:12:47","guid":{"rendered":"https:\/\/unave.es\/unave\/les-meilleures-fenetres-isolantes-de-la-province-dalicante\/"},"modified":"2026-04-30T12:33:41","modified_gmt":"2026-04-30T10:33:41","slug":"les-meilleures-fenetres-isolantes-de-la-province-dalicante","status":"publish","type":"post","link":"https:\/\/unave.es\/fr\/unave\/les-meilleures-fenetres-isolantes-de-la-province-dalicante\/","title":{"rendered":"Les meilleures fen\u00eatres isolantes de la province d&rsquo;Alicante"},"content":{"rendered":"<div class=\"wpb-content-wrapper\"><p>[vc_row][vc_column][vc_column_text css=\u00a0\u00bb\u00a0\u00bb]<\/p>\r\n<h1 class=\"wp-block-heading\">Les meilleures fen\u00eatres isolantes de la province d&rsquo;Alicante<\/h1>\r\n<p><!-- \/wp:post-content --><\/p>\r\n<p><!-- wp:paragraph -->Choisir les <strong>meilleures fen\u00eatres isolantes<\/strong> pour une maison dans la province d&rsquo;Alicante n&rsquo;est pas seulement une question d&rsquo;esth\u00e9tique. Le climat m\u00e9diterran\u00e9en, avec des \u00e9t\u00e9s intenses, des hivers de plus en plus froids et des zones o\u00f9 le bruit urbain ou la circulation sont importants, fait de l&rsquo;isolation un facteur cl\u00e9 pour le confort, les \u00e9conomies d&rsquo;\u00e9nergie et la qualit\u00e9 de vie \u00e0 la maison.<\/p>\r\n<p><!-- \/wp:paragraph --><\/p>\r\n<p><!-- wp:paragraph -->Chez Unave, nous aidons depuis des ann\u00e9es les particuliers et les professionnels \u00e0 trouver la solution de fen\u00eatre id\u00e9ale, alliant design, technologie et performances de haut niveau. C&rsquo;est pourquoi nous travaillons avec de grandes marques telles que <strong><a href=\"https:\/\/www.finstral.com\/es\/home\/1-0.html\" target=\"_blank\" rel=\"noreferrer noopener\">Finstral<\/a><\/strong>des r\u00e9f\u00e9rences en mati\u00e8re d&rsquo;isolation thermique et acoustique et d&rsquo;\u00e9tanch\u00e9it\u00e9.<\/p>\r\n<p><!-- \/wp:paragraph --><\/p>\r\n<p>&nbsp;<\/p>\r\n<p><!-- wp:heading --><\/p>\r\n<h2 class=\"wp-block-heading\">Pourquoi une bonne isolation \u00e0 Alicante est-elle si importante ?<\/h2>\r\n<p><!-- \/wp:heading --><\/p>\r\n<p><!-- wp:paragraph -->Bien que de nombreuses personnes associent l&rsquo;isolation uniquement au froid, dans une r\u00e9gion comme Alicante, son importance est encore plus grande. Des fen\u00eatres de mauvaise qualit\u00e9 peuvent causer :<\/p>\r\n<p><!-- \/wp:paragraph --><\/p>\r\n<p>&nbsp;<\/p>\r\n<p><!-- wp:list --><\/p>\r\n<ul class=\"wp-block-list\">\r\n<li style=\"list-style-type: none;\">\r\n<ul class=\"wp-block-list\">\r\n<li style=\"list-style-type: none;\">\r\n<ul class=\"wp-block-list\"><!-- wp:list-item -->\r\n<li>Exc\u00e8s de chaleur en \u00e9t\u00e9 et pertes thermiques en hiver<\/li>\r\n<\/ul>\r\n<\/li>\r\n<\/ul>\r\n<p><!-- \/wp:list-item --><\/p>\r\n<p><!-- wp:list-item --><\/p>\r\n<ul class=\"wp-block-list\">\r\n<li style=\"list-style-type: none;\">\r\n<ul class=\"wp-block-list\">\r\n<li>Augmentation de la consommation d&rsquo;air conditionn\u00e9 et de chauffage<\/li>\r\n<\/ul>\r\n<\/li>\r\n<\/ul>\r\n<p><!-- \/wp:list-item --><\/p>\r\n<p><!-- wp:list-item --><\/p>\r\n<ul class=\"wp-block-list\">\r\n<li style=\"list-style-type: none;\">\r\n<ul class=\"wp-block-list\">\r\n<li>Entr\u00e9e de bruit externe constant<\/li>\r\n<\/ul>\r\n<\/li>\r\n<\/ul>\r\n<p><!-- \/wp:list-item --><\/p>\r\n<p><!-- wp:list-item --><\/p>\r\n<ul class=\"wp-block-list\">\r\n<li>Courants d&rsquo;air, infiltrations d&rsquo;eau et sensation d&rsquo;inconfort<\/li>\r\n<\/ul>\r\n<\/li>\r\n<\/ul>\r\n<p><!-- \/wp:list-item --><\/p>\r\n<p>&nbsp;<\/p>\r\n<p><!-- \/wp:list --><\/p>\r\n<p><!-- wp:paragraph -->Une bonne isolation fait la diff\u00e9rence entre une maison efficace et confortable et une maison qui ne l&rsquo;est jamais vraiment.<\/p>\r\n<p><!-- \/wp:paragraph --><\/p>\r\n<p>&nbsp;<\/p>\r\n<p><!-- wp:heading {\"level\":3} --><\/p>\r\n<h3 class=\"wp-block-heading\">Isolation thermique : confort tout au long de l&rsquo;ann\u00e9e<\/h3>\r\n<p><!-- \/wp:heading --><\/p>\r\n<p><!-- wp:paragraph -->Les fen\u00eatres sont le lien entre l&rsquo;int\u00e9rieur et l&rsquo;ext\u00e9rieur de la maison. Leur capacit\u00e9 d&rsquo;isolation d\u00e9termine si la chaleur reste \u00e0 l&rsquo;int\u00e9rieur en hiver ou si nous parvenons \u00e0 maintenir une temp\u00e9rature agr\u00e9able en \u00e9t\u00e9.<\/p>\r\n<p><!-- \/wp:paragraph --><\/p>\r\n<p><!-- wp:paragraph -->Chez Unave, nous nous engageons \u00e0 proposer des fen\u00eatres qui r\u00e9pondent et d\u00e9passent les normes les plus exigeantes. Les solutions <strong>Finstral<\/strong> se distinguent par leurs excellentes performances thermiques, contribuant \u00e0 maintenir des environnements agr\u00e9ables tout au long de l&rsquo;ann\u00e9e et \u00e0 r\u00e9duire de mani\u00e8re significative les co\u00fbts \u00e9nerg\u00e9tiques.<\/p>\r\n<p><!-- \/wp:paragraph --><\/p>\r\n<p><!-- wp:paragraph -->Ceci est particuli\u00e8rement important pour les nouvelles constructions et les r\u00e9novations, o\u00f9 une bonne planification de l&rsquo;isolation d\u00e8s la conception initiale a un impact direct sur le confort quotidien.<\/p>\r\n<p><!-- \/wp:paragraph --><\/p>\r\n<p>&nbsp;<\/p>\r\n<p><!-- wp:heading {\"level\":3} --><\/p>\r\n<h3 class=\"wp-block-heading\">Isolation phonique : tranquillit\u00e9 \u00e0 l&rsquo;int\u00e9rieur<\/h3>\r\n<p><!-- \/wp:heading --><\/p>\r\n<p><!-- wp:paragraph -->Le bruit est l&rsquo;un des plus grands ennemis du repos. L&rsquo;ou\u00efe n&rsquo;est jamais \u00e9teinte, m\u00eame lorsque nous dormons, et le fait de vivre dans des rues anim\u00e9es, dans des zones urbaines ou \u00e0 proximit\u00e9 de routes peut gravement nuire au bien-\u00eatre.<\/p>\r\n<p><!-- \/wp:paragraph --><\/p>\r\n<p><!-- wp:paragraph -->Les fen\u00eatres Finstral que nous installons chez Unave offrent de s\u00e9rie une excellente isolation acoustique, avec des valeurs comprises entre <strong>32 et 36 dB<\/strong>, gr\u00e2ce \u00e0 leur \u00e9tanch\u00e9it\u00e9 \u00e9lev\u00e9e et \u00e0 une installation professionnelle.<\/p>\r\n<p><!-- \/wp:paragraph --><\/p>\r\n<p><!-- wp:paragraph -->Vous habitez dans une zone particuli\u00e8rement bruyante ? Pas de probl\u00e8me. Nous disposons de <strong>verres sp\u00e9ciaux \u00e0 isolation acoustique renforc\u00e9e<\/strong>, con\u00e7us pour ceux qui recherchent un maximum de silence \u00e0 la maison.<\/p>\r\n<p><!-- \/wp:paragraph --><\/p>\r\n<p>&nbsp;<\/p>\r\n<p><!-- wp:heading {\"level\":3} --><\/p>\r\n<h3 class=\"wp-block-heading\">Etanch\u00e9it\u00e9 : protection contre l&rsquo;air et l&rsquo;eau<\/h3>\r\n<p><!-- \/wp:heading --><\/p>\r\n<p><!-- wp:paragraph -->Une fen\u00eatre parfaite ne doit pas seulement isoler du froid, de la chaleur et du bruit. Elle doit \u00e9galement offrir une protection efficace contre l&rsquo;air et la pluie, m\u00eame au fil des ans.<\/p>\r\n<p><!-- \/wp:paragraph --><\/p>\r\n<p><!-- wp:paragraph -->Les fen\u00eatres que nous proposons chez Unave int\u00e8grent des syst\u00e8mes d&rsquo;\u00e9tanch\u00e9it\u00e9 avanc\u00e9s qui garantissent une fermeture herm\u00e9tique de longue dur\u00e9e. Cela permet d&rsquo;\u00e9viter les fuites, les courants d&rsquo;air d\u00e9sagr\u00e9ables et les probl\u00e8mes d&rsquo;humidit\u00e9, ce qui est essentiel dans les zones c\u00f4ti\u00e8res ou dans les r\u00e9gions \u00e0 fortes pr\u00e9cipitations.<\/p>\r\n<p><!-- \/wp:paragraph --><\/p>\r\n<p>&nbsp;<\/p>\r\n<p><!-- wp:image {\"id\":9811,\"sizeSlug\":\"full\",\"linkDestination\":\"none\"} --><\/p>\r\n<figure class=\"wp-block-image size-full\"><img loading=\"lazy\" decoding=\"async\" width=\"1000\" height=\"500\" class=\"wp-image-9811\" src=\"https:\/\/unave.es\/wp-content\/uploads\/2026\/02\/mejores-ventanas-aislantes.jpg\" alt=\"\" srcset=\"https:\/\/unave.es\/wp-content\/uploads\/2026\/02\/mejores-ventanas-aislantes.jpg 1000w, https:\/\/unave.es\/wp-content\/uploads\/2026\/02\/mejores-ventanas-aislantes-300x150.jpg 300w, https:\/\/unave.es\/wp-content\/uploads\/2026\/02\/mejores-ventanas-aislantes-768x384.jpg 768w, https:\/\/unave.es\/wp-content\/uploads\/2026\/02\/mejores-ventanas-aislantes-1x1.jpg 1w, https:\/\/unave.es\/wp-content\/uploads\/2026\/02\/mejores-ventanas-aislantes-10x5.jpg 10w\" sizes=\"auto, (max-width: 1000px) 100vw, 1000px\" \/><\/figure>\r\n<p><!-- \/wp:image --><\/p>\r\n<p>&nbsp;<\/p>\r\n<p><!-- wp:heading --><\/p>\r\n<h2 class=\"wp-block-heading\">Qu&rsquo;est-ce qui fait que les fen\u00eatres sont vraiment les meilleures ?<\/h2>\r\n<p><!-- \/wp:heading --><\/p>\r\n<p><!-- wp:paragraph -->Lorsque nous parlons des <strong>meilleures fen\u00eatres isolantes<\/strong>, nous ne parlons pas seulement du produit, mais de l&rsquo;ensemble :<\/p>\r\n<p><!-- \/wp:paragraph --><\/p>\r\n<p>&nbsp;<\/p>\r\n<p><!-- wp:list --><\/p>\r\n<ul class=\"wp-block-list\">\r\n<li style=\"list-style-type: none;\">\r\n<ul class=\"wp-block-list\">\r\n<li style=\"list-style-type: none;\">\r\n<ul class=\"wp-block-list\"><!-- wp:list-item -->\r\n<li>Mat\u00e9riaux de haute qualit\u00e9 et durabilit\u00e9<\/li>\r\n<\/ul>\r\n<\/li>\r\n<\/ul>\r\n<p><!-- \/wp:list-item --><\/p>\r\n<p><!-- wp:list-item --><\/p>\r\n<ul class=\"wp-block-list\">\r\n<li style=\"list-style-type: none;\">\r\n<ul class=\"wp-block-list\">\r\n<li>Un verre technique adapt\u00e9 \u00e0 chaque besoin<\/li>\r\n<\/ul>\r\n<\/li>\r\n<\/ul>\r\n<p><!-- \/wp:list-item --><\/p>\r\n<p><!-- wp:list-item --><\/p>\r\n<ul class=\"wp-block-list\">\r\n<li style=\"list-style-type: none;\">\r\n<ul class=\"wp-block-list\">\r\n<li>Syst\u00e8mes avanc\u00e9s d&rsquo;\u00e9tanch\u00e9it\u00e9 et de scellement<\/li>\r\n<\/ul>\r\n<\/li>\r\n<\/ul>\r\n<p><!-- \/wp:list-item --><\/p>\r\n<p><!-- wp:list-item --><\/p>\r\n<ul class=\"wp-block-list\">\r\n<li style=\"list-style-type: none;\">\r\n<ul class=\"wp-block-list\">\r\n<li>Une conception sur mesure pour chaque maison<\/li>\r\n<\/ul>\r\n<\/li>\r\n<\/ul>\r\n<p><!-- \/wp:list-item --><\/p>\r\n<p><!-- wp:list-item --><\/p>\r\n<ul class=\"wp-block-list\">\r\n<li>Une installation professionnelle et pr\u00e9cise<\/li>\r\n<\/ul>\r\n<\/li>\r\n<\/ul>\r\n<p><!-- \/wp:list-item --><\/p>\r\n<p>&nbsp;<\/p>\r\n<p><!-- \/wp:list --><\/p>\r\n<p><!-- wp:paragraph -->Chez Unave, nous prenons en compte chacun de ces aspects. Nous ne travaillons pas avec des solutions standard, mais avec des <strong>fen\u00eatres personnalis\u00e9es<\/strong>, adapt\u00e9es au style de la maison, \u00e0 l&rsquo;orientation, \u00e0 l&rsquo;environnement et aux besoins r\u00e9els de chaque client.<\/p>\r\n<p><!-- \/wp:paragraph --><\/p>\r\n<p>&nbsp;<\/p>\r\n<p><!-- wp:heading --><\/p>\r\n<h2 class=\"wp-block-heading\">Fen\u00eatres sur mesure pour des maisons \u00e0 Alicante<\/h2>\r\n<p><!-- \/wp:heading --><\/p>\r\n<p><!-- wp:paragraph -->Chaque maison est diff\u00e9rente, et \u00e0 Alicante encore plus. Une maison dans le centre-ville, une maison sur la c\u00f4te ou une villa dans un quartier plus calme, ce n&rsquo;est pas la m\u00eame chose.<\/p>\r\n<p><!-- \/wp:paragraph --><\/p>\r\n<p><!-- wp:paragraph -->C&rsquo;est pourquoi, chez Unave, nous vous offrons un conseil personnalis\u00e9 et de proximit\u00e9 pour vous aider \u00e0 choisir les fen\u00eatres isolantes les mieux adapt\u00e9es \u00e0 votre cas. Nous analysons l&rsquo;environnement, le niveau sonore, l&rsquo;orientation solaire et vos objectifs d&rsquo;\u00e9conomie d&rsquo;\u00e9nergie pour vous proposer la meilleure solution possible.<\/p>\r\n<p><!-- \/wp:paragraph --><\/p>\r\n<p>&nbsp;<\/p>\r\n<p><!-- wp:heading {\"level\":3} --><\/p>\r\n<h3 class=\"wp-block-heading\">Faites le pas vers une maison plus confortable<\/h3>\r\n<p><!-- \/wp:heading --><\/p>\r\n<p><!-- wp:paragraph -->Investir dans les <strong>meilleures fen\u00eatres isolantes<\/strong>, c&rsquo;est investir dans le bien-\u00eatre, les \u00e9conomies et la tranquillit\u00e9 d&rsquo;esprit. Si vous envisagez de changer vos fen\u00eatres ou de r\u00e9aliser un nouveau projet dans la province d&rsquo;Alicante, Unave se fera un plaisir de vous aider.<\/p>\r\n<p><!-- \/wp:paragraph --><\/p>\r\n<p><!-- wp:paragraph --><strong><a href=\"https:\/\/unave.es\/fr\/contact\/\" target=\"_blank\" rel=\"noreferrer noopener\">Contactez nous<\/a><\/strong>Parlez-nous de votre projet et d\u00e9couvrez comment nous pouvons am\u00e9liorer le confort de votre maison avec des solutions sur mesure, efficaces et durables.<\/p>\r\n<p><!-- \/wp:paragraph --><\/p>\r\n<p>&nbsp;<\/p>\r\n<p>[\/vc_column_text][\/vc_column][\/vc_row]<\/p><\/div>","protected":false},"excerpt":{"rendered":"<p>[vc_row][vc_column][vc_column_text css=\u00a0\u00bb\u00a0\u00bb] Les meilleures fen\u00eatres isolantes de la province d&rsquo;Alicante Choisir les meilleures fen\u00eatres isolantes pour une maison dans la&#8230;<\/p>\n","protected":false},"author":1,"featured_media":9851,"comment_status":"closed","ping_status":"closed","sticky":false,"template":"","format":"standard","meta":{"_monsterinsights_skip_tracking":false,"_monsterinsights_sitenote_active":false,"_monsterinsights_sitenote_note":"","_monsterinsights_sitenote_category":0,"footnotes":""},"categories":[81],"tags":[],"class_list":["post-9852","post","type-post","status-publish","format-standard","has-post-thumbnail","hentry","category-unave"],"yoast_head":"<!-- This site is optimized with the Yoast SEO plugin v27.5 - https:\/\/yoast.com\/product\/yoast-seo-wordpress\/ -->\n<title>Les meilleures fen\u00eatres isolantes de la province d&#039;Alicante<\/title>\n<meta name=\"description\" content=\"D\u00e9couvrez les meilleures fen\u00eatres isolantes \u00e0 Alicante. \u00c9conomisez de l&#039;\u00e9nergie, gagnez en confort et en silence. Contactez Unave et am\u00e9liorez votre maison.\" \/>\n<meta name=\"robots\" content=\"index, follow, max-snippet:-1, max-image-preview:large, max-video-preview:-1\" \/>\n<link rel=\"canonical\" href=\"https:\/\/unave.es\/fr\/unave\/les-meilleures-fenetres-isolantes-de-la-province-dalicante\/\" \/>\n<meta property=\"og:locale\" content=\"fr_FR\" \/>\n<meta property=\"og:type\" content=\"article\" \/>\n<meta property=\"og:title\" content=\"Les meilleures fen\u00eatres isolantes de la province d&#039;Alicante\" \/>\n<meta property=\"og:description\" content=\"D\u00e9couvrez les meilleures fen\u00eatres isolantes \u00e0 Alicante. \u00c9conomisez de l&#039;\u00e9nergie, gagnez en confort et en silence. Contactez Unave et am\u00e9liorez votre maison.\" \/>\n<meta property=\"og:url\" content=\"https:\/\/unave.es\/fr\/unave\/les-meilleures-fenetres-isolantes-de-la-province-dalicante\/\" \/>\n<meta property=\"og:site_name\" content=\"Unave\" \/>\n<meta property=\"article:published_time\" content=\"2026-02-10T08:12:47+00:00\" \/>\n<meta property=\"article:modified_time\" content=\"2026-04-30T10:33:41+00:00\" \/>\n<meta property=\"og:image\" content=\"https:\/\/unave.es\/wp-content\/uploads\/2026\/02\/mejores-ventanas-aislantes2.jpg\" \/>\n\t<meta property=\"og:image:width\" content=\"1000\" \/>\n\t<meta property=\"og:image:height\" content=\"500\" \/>\n\t<meta property=\"og:image:type\" content=\"image\/jpeg\" \/>\n<meta name=\"author\" content=\"unave\" \/>\n<meta name=\"twitter:card\" content=\"summary_large_image\" \/>\n<meta name=\"twitter:label1\" content=\"\u00c9crit par\" \/>\n\t<meta name=\"twitter:data1\" content=\"unave\" \/>\n\t<meta name=\"twitter:label2\" content=\"Dur\u00e9e de lecture estim\u00e9e\" \/>\n\t<meta name=\"twitter:data2\" content=\"5 minutes\" \/>\n<script type=\"application\/ld+json\" class=\"yoast-schema-graph\">{\"@context\":\"https:\\\/\\\/schema.org\",\"@graph\":[{\"@type\":\"Article\",\"@id\":\"https:\\\/\\\/unave.es\\\/fr\\\/unave\\\/les-meilleures-fenetres-isolantes-de-la-province-dalicante\\\/#article\",\"isPartOf\":{\"@id\":\"https:\\\/\\\/unave.es\\\/fr\\\/unave\\\/les-meilleures-fenetres-isolantes-de-la-province-dalicante\\\/\"},\"author\":{\"name\":\"unave\",\"@id\":\"https:\\\/\\\/unave.es\\\/fr\\\/#\\\/schema\\\/person\\\/64519cf7915384e41da0638fdfb94845\"},\"headline\":\"Les meilleures fen\u00eatres isolantes de la province d&rsquo;Alicante\",\"datePublished\":\"2026-02-10T08:12:47+00:00\",\"dateModified\":\"2026-04-30T10:33:41+00:00\",\"mainEntityOfPage\":{\"@id\":\"https:\\\/\\\/unave.es\\\/fr\\\/unave\\\/les-meilleures-fenetres-isolantes-de-la-province-dalicante\\\/\"},\"wordCount\":941,\"image\":{\"@id\":\"https:\\\/\\\/unave.es\\\/fr\\\/unave\\\/les-meilleures-fenetres-isolantes-de-la-province-dalicante\\\/#primaryimage\"},\"thumbnailUrl\":\"https:\\\/\\\/unave.es\\\/wp-content\\\/uploads\\\/2026\\\/02\\\/mejores-ventanas-aislantes2.jpg\",\"articleSection\":[\"Unave\"],\"inLanguage\":\"fr-FR\"},{\"@type\":\"WebPage\",\"@id\":\"https:\\\/\\\/unave.es\\\/fr\\\/unave\\\/les-meilleures-fenetres-isolantes-de-la-province-dalicante\\\/\",\"url\":\"https:\\\/\\\/unave.es\\\/fr\\\/unave\\\/les-meilleures-fenetres-isolantes-de-la-province-dalicante\\\/\",\"name\":\"Les meilleures fen\u00eatres isolantes de la province d'Alicante\",\"isPartOf\":{\"@id\":\"https:\\\/\\\/unave.es\\\/fr\\\/#website\"},\"primaryImageOfPage\":{\"@id\":\"https:\\\/\\\/unave.es\\\/fr\\\/unave\\\/les-meilleures-fenetres-isolantes-de-la-province-dalicante\\\/#primaryimage\"},\"image\":{\"@id\":\"https:\\\/\\\/unave.es\\\/fr\\\/unave\\\/les-meilleures-fenetres-isolantes-de-la-province-dalicante\\\/#primaryimage\"},\"thumbnailUrl\":\"https:\\\/\\\/unave.es\\\/wp-content\\\/uploads\\\/2026\\\/02\\\/mejores-ventanas-aislantes2.jpg\",\"datePublished\":\"2026-02-10T08:12:47+00:00\",\"dateModified\":\"2026-04-30T10:33:41+00:00\",\"author\":{\"@id\":\"https:\\\/\\\/unave.es\\\/fr\\\/#\\\/schema\\\/person\\\/64519cf7915384e41da0638fdfb94845\"},\"description\":\"D\u00e9couvrez les meilleures fen\u00eatres isolantes \u00e0 Alicante. \u00c9conomisez de l'\u00e9nergie, gagnez en confort et en silence. Contactez Unave et am\u00e9liorez votre maison.\",\"breadcrumb\":{\"@id\":\"https:\\\/\\\/unave.es\\\/fr\\\/unave\\\/les-meilleures-fenetres-isolantes-de-la-province-dalicante\\\/#breadcrumb\"},\"inLanguage\":\"fr-FR\",\"potentialAction\":[{\"@type\":\"ReadAction\",\"target\":[\"https:\\\/\\\/unave.es\\\/fr\\\/unave\\\/les-meilleures-fenetres-isolantes-de-la-province-dalicante\\\/\"]}]},{\"@type\":\"ImageObject\",\"inLanguage\":\"fr-FR\",\"@id\":\"https:\\\/\\\/unave.es\\\/fr\\\/unave\\\/les-meilleures-fenetres-isolantes-de-la-province-dalicante\\\/#primaryimage\",\"url\":\"https:\\\/\\\/unave.es\\\/wp-content\\\/uploads\\\/2026\\\/02\\\/mejores-ventanas-aislantes2.jpg\",\"contentUrl\":\"https:\\\/\\\/unave.es\\\/wp-content\\\/uploads\\\/2026\\\/02\\\/mejores-ventanas-aislantes2.jpg\",\"width\":1000,\"height\":500},{\"@type\":\"BreadcrumbList\",\"@id\":\"https:\\\/\\\/unave.es\\\/fr\\\/unave\\\/les-meilleures-fenetres-isolantes-de-la-province-dalicante\\\/#breadcrumb\",\"itemListElement\":[{\"@type\":\"ListItem\",\"position\":1,\"name\":\"Portada\",\"item\":\"https:\\\/\\\/unave.es\\\/fr\\\/\"},{\"@type\":\"ListItem\",\"position\":2,\"name\":\"Les meilleures fen\u00eatres isolantes de la province d&#8217;Alicante\"}]},{\"@type\":\"WebSite\",\"@id\":\"https:\\\/\\\/unave.es\\\/fr\\\/#website\",\"url\":\"https:\\\/\\\/unave.es\\\/fr\\\/\",\"name\":\"Unave\",\"description\":\"\",\"potentialAction\":[{\"@type\":\"SearchAction\",\"target\":{\"@type\":\"EntryPoint\",\"urlTemplate\":\"https:\\\/\\\/unave.es\\\/fr\\\/?s={search_term_string}\"},\"query-input\":{\"@type\":\"PropertyValueSpecification\",\"valueRequired\":true,\"valueName\":\"search_term_string\"}}],\"inLanguage\":\"fr-FR\"},{\"@type\":\"Person\",\"@id\":\"https:\\\/\\\/unave.es\\\/fr\\\/#\\\/schema\\\/person\\\/64519cf7915384e41da0638fdfb94845\",\"name\":\"unave\",\"image\":{\"@type\":\"ImageObject\",\"inLanguage\":\"fr-FR\",\"@id\":\"https:\\\/\\\/secure.gravatar.com\\\/avatar\\\/a3a032203e7cbaf21b3c6f5e9135603d87fad529539970087ce6822a70d75320?s=96&d=mm&r=g\",\"url\":\"https:\\\/\\\/secure.gravatar.com\\\/avatar\\\/a3a032203e7cbaf21b3c6f5e9135603d87fad529539970087ce6822a70d75320?s=96&d=mm&r=g\",\"contentUrl\":\"https:\\\/\\\/secure.gravatar.com\\\/avatar\\\/a3a032203e7cbaf21b3c6f5e9135603d87fad529539970087ce6822a70d75320?s=96&d=mm&r=g\",\"caption\":\"unave\"},\"sameAs\":[\"https:\\\/\\\/unave.es\"]}]}<\/script>\n<!-- \/ Yoast SEO plugin. -->","yoast_head_json":{"title":"Les meilleures fen\u00eatres isolantes de la province d'Alicante","description":"D\u00e9couvrez les meilleures fen\u00eatres isolantes \u00e0 Alicante. \u00c9conomisez de l'\u00e9nergie, gagnez en confort et en silence. Contactez Unave et am\u00e9liorez votre maison.","robots":{"index":"index","follow":"follow","max-snippet":"max-snippet:-1","max-image-preview":"max-image-preview:large","max-video-preview":"max-video-preview:-1"},"canonical":"https:\/\/unave.es\/fr\/unave\/les-meilleures-fenetres-isolantes-de-la-province-dalicante\/","og_locale":"fr_FR","og_type":"article","og_title":"Les meilleures fen\u00eatres isolantes de la province d'Alicante","og_description":"D\u00e9couvrez les meilleures fen\u00eatres isolantes \u00e0 Alicante. \u00c9conomisez de l'\u00e9nergie, gagnez en confort et en silence. Contactez Unave et am\u00e9liorez votre maison.","og_url":"https:\/\/unave.es\/fr\/unave\/les-meilleures-fenetres-isolantes-de-la-province-dalicante\/","og_site_name":"Unave","article_published_time":"2026-02-10T08:12:47+00:00","article_modified_time":"2026-04-30T10:33:41+00:00","og_image":[{"width":1000,"height":500,"url":"https:\/\/unave.es\/wp-content\/uploads\/2026\/02\/mejores-ventanas-aislantes2.jpg","type":"image\/jpeg"}],"author":"unave","twitter_card":"summary_large_image","twitter_misc":{"\u00c9crit par":"unave","Dur\u00e9e de lecture estim\u00e9e":"5 minutes"},"schema":{"@context":"https:\/\/schema.org","@graph":[{"@type":"Article","@id":"https:\/\/unave.es\/fr\/unave\/les-meilleures-fenetres-isolantes-de-la-province-dalicante\/#article","isPartOf":{"@id":"https:\/\/unave.es\/fr\/unave\/les-meilleures-fenetres-isolantes-de-la-province-dalicante\/"},"author":{"name":"unave","@id":"https:\/\/unave.es\/fr\/#\/schema\/person\/64519cf7915384e41da0638fdfb94845"},"headline":"Les meilleures fen\u00eatres isolantes de la province d&rsquo;Alicante","datePublished":"2026-02-10T08:12:47+00:00","dateModified":"2026-04-30T10:33:41+00:00","mainEntityOfPage":{"@id":"https:\/\/unave.es\/fr\/unave\/les-meilleures-fenetres-isolantes-de-la-province-dalicante\/"},"wordCount":941,"image":{"@id":"https:\/\/unave.es\/fr\/unave\/les-meilleures-fenetres-isolantes-de-la-province-dalicante\/#primaryimage"},"thumbnailUrl":"https:\/\/unave.es\/wp-content\/uploads\/2026\/02\/mejores-ventanas-aislantes2.jpg","articleSection":["Unave"],"inLanguage":"fr-FR"},{"@type":"WebPage","@id":"https:\/\/unave.es\/fr\/unave\/les-meilleures-fenetres-isolantes-de-la-province-dalicante\/","url":"https:\/\/unave.es\/fr\/unave\/les-meilleures-fenetres-isolantes-de-la-province-dalicante\/","name":"Les meilleures fen\u00eatres isolantes de la province d'Alicante","isPartOf":{"@id":"https:\/\/unave.es\/fr\/#website"},"primaryImageOfPage":{"@id":"https:\/\/unave.es\/fr\/unave\/les-meilleures-fenetres-isolantes-de-la-province-dalicante\/#primaryimage"},"image":{"@id":"https:\/\/unave.es\/fr\/unave\/les-meilleures-fenetres-isolantes-de-la-province-dalicante\/#primaryimage"},"thumbnailUrl":"https:\/\/unave.es\/wp-content\/uploads\/2026\/02\/mejores-ventanas-aislantes2.jpg","datePublished":"2026-02-10T08:12:47+00:00","dateModified":"2026-04-30T10:33:41+00:00","author":{"@id":"https:\/\/unave.es\/fr\/#\/schema\/person\/64519cf7915384e41da0638fdfb94845"},"description":"D\u00e9couvrez les meilleures fen\u00eatres isolantes \u00e0 Alicante. \u00c9conomisez de l'\u00e9nergie, gagnez en confort et en silence. Contactez Unave et am\u00e9liorez votre maison.","breadcrumb":{"@id":"https:\/\/unave.es\/fr\/unave\/les-meilleures-fenetres-isolantes-de-la-province-dalicante\/#breadcrumb"},"inLanguage":"fr-FR","potentialAction":[{"@type":"ReadAction","target":["https:\/\/unave.es\/fr\/unave\/les-meilleures-fenetres-isolantes-de-la-province-dalicante\/"]}]},{"@type":"ImageObject","inLanguage":"fr-FR","@id":"https:\/\/unave.es\/fr\/unave\/les-meilleures-fenetres-isolantes-de-la-province-dalicante\/#primaryimage","url":"https:\/\/unave.es\/wp-content\/uploads\/2026\/02\/mejores-ventanas-aislantes2.jpg","contentUrl":"https:\/\/unave.es\/wp-content\/uploads\/2026\/02\/mejores-ventanas-aislantes2.jpg","width":1000,"height":500},{"@type":"BreadcrumbList","@id":"https:\/\/unave.es\/fr\/unave\/les-meilleures-fenetres-isolantes-de-la-province-dalicante\/#breadcrumb","itemListElement":[{"@type":"ListItem","position":1,"name":"Portada","item":"https:\/\/unave.es\/fr\/"},{"@type":"ListItem","position":2,"name":"Les meilleures fen\u00eatres isolantes de la province d&#8217;Alicante"}]},{"@type":"WebSite","@id":"https:\/\/unave.es\/fr\/#website","url":"https:\/\/unave.es\/fr\/","name":"Unave","description":"","potentialAction":[{"@type":"SearchAction","target":{"@type":"EntryPoint","urlTemplate":"https:\/\/unave.es\/fr\/?s={search_term_string}"},"query-input":{"@type":"PropertyValueSpecification","valueRequired":true,"valueName":"search_term_string"}}],"inLanguage":"fr-FR"},{"@type":"Person","@id":"https:\/\/unave.es\/fr\/#\/schema\/person\/64519cf7915384e41da0638fdfb94845","name":"unave","image":{"@type":"ImageObject","inLanguage":"fr-FR","@id":"https:\/\/secure.gravatar.com\/avatar\/a3a032203e7cbaf21b3c6f5e9135603d87fad529539970087ce6822a70d75320?s=96&d=mm&r=g","url":"https:\/\/secure.gravatar.com\/avatar\/a3a032203e7cbaf21b3c6f5e9135603d87fad529539970087ce6822a70d75320?s=96&d=mm&r=g","contentUrl":"https:\/\/secure.gravatar.com\/avatar\/a3a032203e7cbaf21b3c6f5e9135603d87fad529539970087ce6822a70d75320?s=96&d=mm&r=g","caption":"unave"},"sameAs":["https:\/\/unave.es"]}]}},"_links":{"self":[{"href":"https:\/\/unave.es\/fr\/wp-json\/wp\/v2\/posts\/9852","targetHints":{"allow":["GET"]}}],"collection":[{"href":"https:\/\/unave.es\/fr\/wp-json\/wp\/v2\/posts"}],"about":[{"href":"https:\/\/unave.es\/fr\/wp-json\/wp\/v2\/types\/post"}],"author":[{"embeddable":true,"href":"https:\/\/unave.es\/fr\/wp-json\/wp\/v2\/users\/1"}],"replies":[{"embeddable":true,"href":"https:\/\/unave.es\/fr\/wp-json\/wp\/v2\/comments?post=9852"}],"version-history":[{"count":4,"href":"https:\/\/unave.es\/fr\/wp-json\/wp\/v2\/posts\/9852\/revisions"}],"predecessor-version":[{"id":9924,"href":"https:\/\/unave.es\/fr\/wp-json\/wp\/v2\/posts\/9852\/revisions\/9924"}],"wp:featuredmedia":[{"embeddable":true,"href":"https:\/\/unave.es\/fr\/wp-json\/wp\/v2\/media\/9851"}],"wp:attachment":[{"href":"https:\/\/unave.es\/fr\/wp-json\/wp\/v2\/media?parent=9852"}],"wp:term":[{"taxonomy":"category","embeddable":true,"href":"https:\/\/unave.es\/fr\/wp-json\/wp\/v2\/categories?post=9852"},{"taxonomy":"post_tag","embeddable":true,"href":"https:\/\/unave.es\/fr\/wp-json\/wp\/v2\/tags?post=9852"}],"curies":[{"name":"wp","href":"https:\/\/api.w.org\/{rel}","templated":true}]}}