{"id":9773,"date":"2024-10-08T10:31:21","date_gmt":"2024-10-08T08:31:21","guid":{"rendered":"https:\/\/unave.es\/non-categorise\/les-fenetres-isolees-optimisent-elles-lefficacite-energetique\/"},"modified":"2026-01-22T09:45:31","modified_gmt":"2026-01-22T08:45:31","slug":"les-fenetres-isolees-optimisent-elles-lefficacite-energetique","status":"publish","type":"post","link":"https:\/\/unave.es\/fr\/non-categorise\/les-fenetres-isolees-optimisent-elles-lefficacite-energetique\/","title":{"rendered":"Les fen\u00eatres isol\u00e9es optimisent-elles l&rsquo;efficacit\u00e9 \u00e9nerg\u00e9tique ?"},"content":{"rendered":"<div class=\"wpb-content-wrapper\"><p>[vc_row][vc_column][vc_custom_heading source=\u00a0\u00bbpost_title\u00a0\u00bb font_container=\u00a0\u00bbtag:h1|text_align:left\u00a0\u00bb use_theme_fonts=\u00a0\u00bbyes\u00a0\u00bb css=\u00a0\u00bb\u00a0\u00bb el_class=\u00a0\u00bbno-uppercase\u00a0\u00bb][vc_column_text css=\u00a0\u00bb\u00a0\u00bb]Dans le monde d&rsquo;aujourd&rsquo;hui, l&rsquo;<b>efficacit\u00e9 \u00e9nerg\u00e9tique<\/b> est devenue une priorit\u00e9 tant pour les m\u00e9nages que pour les entreprises. Et lorsque l&rsquo;on parle d&rsquo;am\u00e9liorer l&rsquo;efficacit\u00e9 d&rsquo;un b\u00e2timent, il ne faut pas oublier l&rsquo;un des \u00e9l\u00e9ments les plus importants : les <b>fen\u00eatres isolantes<\/b>. Ces fen\u00eatres sont essentielles pour maintenir le confort \u00e0 l&rsquo;int\u00e9rieur des espaces, r\u00e9duire la consommation d&rsquo;\u00e9nergie et assurer une plus grande durabilit\u00e9. Saviez-vous que plus de 25 % de la chaleur d&rsquo;une maison peut \u00eatre perdue par des fen\u00eatres mal isol\u00e9es ? Si vous voulez savoir comment nos <b>fen\u00eatres Finstral<\/b> peuvent vous aider \u00e0 optimiser la consommation d&rsquo;\u00e9nergie de votre maison ou de votre entreprise, lisez la suite.[\/vc_column_text][\/vc_column][\/vc_row][vc_row][vc_column][vc_custom_heading text=\u00a0\u00bbQu&apos;est-ce qu&apos;une fen\u00eatre isol\u00e9e et comment fonctionne-t-elle ?\u00a0\u00bb font_container=\u00a0\u00bbtag:h3|text_align:left\u00a0\u00bb use_theme_fonts=\u00a0\u00bbyes\u00a0\u00bb css=\u00a0\u00bb\u00a0\u00bb el_class=\u00a0\u00bbno-uppercase\u00a0\u00bb][vc_column_text css=\u00a0\u00bb\u00a0\u00bb]Les fen\u00eatres isol\u00e9es sont un type particulier de fen\u00eatres con\u00e7ues pour minimiser les pertes de chaleur et, en m\u00eame temps, bloquer l&rsquo;entr\u00e9e du froid en hiver et emp\u00eacher la surchauffe en \u00e9t\u00e9. Cela est possible gr\u00e2ce \u00e0 la combinaison de mat\u00e9riaux de haute qualit\u00e9 et d&rsquo;une technologie avanc\u00e9e qui r\u00e9duit la transmission de la chaleur et am\u00e9liore l&rsquo;efficacit\u00e9 \u00e9nerg\u00e9tique. <\/p>\n<p>L&rsquo;un des principaux aspects \u00e0 prendre en compte est la valeur <b>Uw<\/b>, qui mesure la transmission thermique de la fen\u00eatre, c&rsquo;est-\u00e0-dire la quantit\u00e9 de chaleur qui passe \u00e0 travers le verre et le cadre. Plus cette valeur est faible, plus le niveau d&rsquo;isolation est \u00e9lev\u00e9. Chez Unave, nous travaillons avec les fen\u00eatres Finstral, qui atteignent des valeurs Uw exceptionnelles gr\u00e2ce \u00e0 leurs profil\u00e9s en PVC de haute qualit\u00e9 et \u00e0 leurs vitrages isolants, con\u00e7us et fabriqu\u00e9s selon les normes les plus strictes. Avec nos fen\u00eatres, vous avez la certitude de choisir une solution qui non seulement am\u00e9liore le confort de votre maison, mais aussi r\u00e9duit vos factures d&rsquo;\u00e9nergie.[\/vc_column_text][\/vc_column][\/vc_row][vc_row][vc_column][vc_custom_heading text=\u00a0\u00bbAvantages des fen\u00eatres isolantes Finstral\u00a0\u00bb font_container=\u00a0\u00bbtag:h3|text_align:left\u00a0\u00bb use_theme_fonts=\u00a0\u00bbyes\u00a0\u00bb css=\u00a0\u00bb\u00a0\u00bb el_class=\u00a0\u00bbno-uppercase\u00a0\u00bb][vc_column_text css=\u00a0\u00bb\u00a0\u00bb]<b>\u00c9conomie d&rsquo;\u00e9nergie<\/b><\/p>\n<p>Le principal avantage des fen\u00eatres isol\u00e9es est sans aucun doute les \u00e9conomies d&rsquo;\u00e9nergie qu&rsquo;elles permettent de r\u00e9aliser. Une bonne isolation thermique vous permet de maintenir une temp\u00e9rature stable \u00e0 l&rsquo;int\u00e9rieur de votre maison ou de votre entreprise, ce qui signifie que votre syst\u00e8me de chauffage ou de climatisation devra fonctionner moins longtemps pour maintenir le confort. Cela se traduit directement par une r\u00e9duction de la consommation d&rsquo;\u00e9nergie et donc par des \u00e9conomies significatives sur vos factures d&rsquo;\u00e9nergie. En outre, en consommant moins d&rsquo;\u00e9nergie, vous contribuerez \u00e0 la <b>r\u00e9duction des \u00e9missions de CO2<\/b>, ce qui est b\u00e9n\u00e9fique pour l&rsquo;environnement.   <\/p>\n<p><b>Isolation acoustique<\/b><\/p>\n<p>Elles offrent \u00e9galement une excellente isolation acoustique. Vous \u00eates g\u00ean\u00e9 par le bruit de la circulation ou des voisins ? Avec nos fen\u00eatres, vous pouvez profiter d&rsquo;une tranquillit\u00e9 totale \u00e0 l&rsquo;int\u00e9rieur de votre maison, gr\u00e2ce \u00e0 leur verre isolant acoustique, qui peut <b>r\u00e9duire le bruit jusqu&rsquo;\u00e0 46 dB<\/b>, selon le mod\u00e8le. M\u00eame nos fen\u00eatres standard offrent une isolation acoustique allant de 32 \u00e0 40 dB.   <\/p>\n<p><b>Durabilit\u00e9 et qualit\u00e9<\/b><\/p>\n<p>La marque fabrique directement ses propres profil\u00e9s et vitrages, ce qui nous permet de contr\u00f4ler tous les processus et de garantir que nos fen\u00eatres sont de la plus haute qualit\u00e9. Nous utilisons du verre isolant \u00e0 faible \u00e9missivit\u00e9 rempli d&rsquo;<b>argon<\/b>, ce qui am\u00e9liore encore les propri\u00e9t\u00e9s thermiques des fen\u00eatres. En outre, nos barres d&rsquo;espacement optimis\u00e9es sur le plan thermique garantissent que les fen\u00eatres conserveront leurs propri\u00e9t\u00e9s isolantes pendant de nombreuses ann\u00e9es. Nous prenons \u00e9galement soin de chaque d\u00e9tail, comme le polissage des bords du verre et le contr\u00f4le de qualit\u00e9 automatis\u00e9, afin de garantir que chaque fen\u00eatre qui quitte nos usines r\u00e9pond aux normes de qualit\u00e9 les plus strictes.<\/p>\n<p>[\/vc_column_text][vc_single_image image=\u00a0\u00bb9767&Prime; img_size=\u00a0\u00bbfull\u00a0\u00bb css=\u00a0\u00bb\u00a0\u00bb][\/vc_column][\/vc_row][vc_row][vc_column][vc_custom_heading text=\u00a0\u00bbPourquoi choisir nos fen\u00eatres isol\u00e9es ?\u00a0\u00bb font_container=\u00a0\u00bbtag:h3|text_align:left\u00a0\u00bb use_theme_fonts=\u00a0\u00bbyes\u00a0\u00bb css=\u00a0\u00bb\u00a0\u00bb el_class=\u00a0\u00bbno-uppercase\u00a0\u00bb][vc_column_text css=\u00a0\u00bb\u00a0\u00bb]Nous savons que chaque maison et chaque entreprise est unique, c&rsquo;est pourquoi nous travaillons en \u00e9troite collaboration avec vous pour trouver la fen\u00eatre qui r\u00e9pond le mieux \u00e0 vos besoins sp\u00e9cifiques. Gr\u00e2ce \u00e0 notre contr\u00f4le complet de la production et \u00e0 nos installations de pointe, nous pouvons garantir que chaque fen\u00eatre Finstral que nous fabriquons r\u00e9pond aux exigences les plus \u00e9lev\u00e9es en mati\u00e8re d&rsquo;efficacit\u00e9 \u00e9nerg\u00e9tique et d&rsquo;isolation phonique. <\/p>\n<p>De plus, nos fen\u00eatres sont con\u00e7ues pour \u00eatre durables et faciles \u00e0 entretenir, ce qui signifie qu&rsquo;une fois install\u00e9es, vous n&rsquo;aurez pas \u00e0 vous soucier de leurs performances pendant de nombreuses ann\u00e9es.[\/vc_column_text][\/vc_column][\/vc_row][vc_row][vc_column][vc_custom_heading text=\u00a0\u00bbContactez-nous sans engagement\u00a0\u00bb font_container=\u00a0\u00bbtag:h3|text_align:left\u00a0\u00bb use_theme_fonts=\u00a0\u00bbyes\u00a0\u00bb css=\u00a0\u00bb\u00a0\u00bb el_class=\u00a0\u00bbno-uppercase\u00a0\u00bb][vc_column_text css=\u00a0\u00bb\u00a0\u00bb]Investir dans des <b>fen\u00eatres isol\u00e9es<\/b> est une d\u00e9cision intelligente qui peut avoir un impact positif sur l&rsquo;efficacit\u00e9 \u00e9nerg\u00e9tique de votre maison ou de votre entreprise. Non seulement cela vous aidera \u00e0 \u00e9conomiser sur vos factures d&rsquo;\u00e9nergie, mais cela am\u00e9liorera \u00e9galement votre confort et r\u00e9duira les bruits ext\u00e9rieurs. Chez nous, nous nous engageons \u00e0 vous offrir les meilleures solutions de fen\u00eatres isol\u00e9es Finstral, fabriqu\u00e9es selon les plus hauts standards de qualit\u00e9 et de technologie avanc\u00e9e. N&rsquo;attendez plus pour profiter des avantages que nos fen\u00eatres peuvent vous offrir.     <b>Contactez-nous et commencez \u00e0 optimiser votre efficacit\u00e9 \u00e9nerg\u00e9tique d\u00e8s aujourd&rsquo;hui !<\/b>[\/vc_column_text][\/vc_column][\/vc_row]<\/p>\n<\/div>","protected":false},"excerpt":{"rendered":"<p>[vc_row][vc_column][vc_custom_heading source=\u00a0\u00bbpost_title\u00a0\u00bb font_container=\u00a0\u00bbtag:h1|text_align:left\u00a0\u00bb use_theme_fonts=\u00a0\u00bbyes\u00a0\u00bb css=\u00a0\u00bb\u00a0\u00bb el_class=\u00a0\u00bbno-uppercase\u00a0\u00bb][vc_column_text css=\u00a0\u00bb\u00a0\u00bb]Dans le monde d&rsquo;aujourd&rsquo;hui, l&rsquo;efficacit\u00e9 \u00e9nerg\u00e9tique est devenue une priorit\u00e9 tant pour les m\u00e9nages&#8230;<\/p>\n","protected":false},"author":1,"featured_media":9768,"comment_status":"closed","ping_status":"closed","sticky":false,"template":"","format":"standard","meta":{"_monsterinsights_skip_tracking":false,"_monsterinsights_sitenote_active":false,"_monsterinsights_sitenote_note":"","_monsterinsights_sitenote_category":0,"footnotes":""},"categories":[81],"tags":[],"class_list":["post-9773","post","type-post","status-publish","format-standard","has-post-thumbnail","hentry","category-non-categorise"],"yoast_head":"<!-- This site is optimized with the Yoast SEO plugin v26.8 - https:\/\/yoast.com\/product\/yoast-seo-wordpress\/ -->\n<title>Les fen\u00eatres isol\u00e9es optimisent-elles l&#039;efficacit\u00e9 \u00e9nerg\u00e9tique ?<\/title>\n<meta name=\"description\" content=\"\ud83e\ude9f D\u00e9couvrez comment les fen\u00eatres isol\u00e9es peuvent am\u00e9liorer l&#039;efficacit\u00e9 \u00e9nerg\u00e9tique de votre maison ou de votre entreprise - \u00e9conomisez sur vos factures et vivez mieux !\" \/>\n<meta name=\"robots\" content=\"index, follow, max-snippet:-1, max-image-preview:large, max-video-preview:-1\" \/>\n<link rel=\"canonical\" href=\"https:\/\/unave.es\/fr\/non-categorise\/les-fenetres-isolees-optimisent-elles-lefficacite-energetique\/\" \/>\n<meta property=\"og:locale\" content=\"fr_FR\" \/>\n<meta property=\"og:type\" content=\"article\" \/>\n<meta property=\"og:title\" content=\"Les fen\u00eatres isol\u00e9es optimisent-elles l&#039;efficacit\u00e9 \u00e9nerg\u00e9tique ?\" \/>\n<meta property=\"og:description\" content=\"\ud83e\ude9f D\u00e9couvrez comment les fen\u00eatres isol\u00e9es peuvent am\u00e9liorer l&#039;efficacit\u00e9 \u00e9nerg\u00e9tique de votre maison ou de votre entreprise - \u00e9conomisez sur vos factures et vivez mieux !\" \/>\n<meta property=\"og:url\" content=\"https:\/\/unave.es\/fr\/non-categorise\/les-fenetres-isolees-optimisent-elles-lefficacite-energetique\/\" \/>\n<meta property=\"og:site_name\" content=\"Unave\" \/>\n<meta property=\"article:published_time\" content=\"2024-10-08T08:31:21+00:00\" \/>\n<meta property=\"article:modified_time\" content=\"2026-01-22T08:45:31+00:00\" \/>\n<meta property=\"og:image\" content=\"https:\/\/unave.es\/wp-content\/uploads\/2024\/10\/ventanas-aislantes.jpg\" \/>\n\t<meta property=\"og:image:width\" content=\"1000\" \/>\n\t<meta property=\"og:image:height\" content=\"500\" \/>\n\t<meta property=\"og:image:type\" content=\"image\/jpeg\" \/>\n<meta name=\"author\" content=\"unave\" \/>\n<meta name=\"twitter:card\" content=\"summary_large_image\" \/>\n<meta name=\"twitter:label1\" content=\"\u00c9crit par\" \/>\n\t<meta name=\"twitter:data1\" content=\"unave\" \/>\n\t<meta name=\"twitter:label2\" content=\"Dur\u00e9e de lecture estim\u00e9e\" \/>\n\t<meta name=\"twitter:data2\" content=\"5 minutes\" \/>\n<script type=\"application\/ld+json\" class=\"yoast-schema-graph\">{\"@context\":\"https:\/\/schema.org\",\"@graph\":[{\"@type\":\"Article\",\"@id\":\"https:\/\/unave.es\/fr\/non-categorise\/les-fenetres-isolees-optimisent-elles-lefficacite-energetique\/#article\",\"isPartOf\":{\"@id\":\"https:\/\/unave.es\/fr\/non-categorise\/les-fenetres-isolees-optimisent-elles-lefficacite-energetique\/\"},\"author\":{\"name\":\"unave\",\"@id\":\"https:\/\/unave.es\/fr\/#\/schema\/person\/64519cf7915384e41da0638fdfb94845\"},\"headline\":\"Les fen\u00eatres isol\u00e9es optimisent-elles l&rsquo;efficacit\u00e9 \u00e9nerg\u00e9tique ?\",\"datePublished\":\"2024-10-08T08:31:21+00:00\",\"dateModified\":\"2026-01-22T08:45:31+00:00\",\"mainEntityOfPage\":{\"@id\":\"https:\/\/unave.es\/fr\/non-categorise\/les-fenetres-isolees-optimisent-elles-lefficacite-energetique\/\"},\"wordCount\":1078,\"image\":{\"@id\":\"https:\/\/unave.es\/fr\/non-categorise\/les-fenetres-isolees-optimisent-elles-lefficacite-energetique\/#primaryimage\"},\"thumbnailUrl\":\"https:\/\/unave.es\/wp-content\/uploads\/2024\/10\/ventanas-aislantes.jpg\",\"articleSection\":[\"Non cat\u00e9goris\u00e9\"],\"inLanguage\":\"fr-FR\"},{\"@type\":\"WebPage\",\"@id\":\"https:\/\/unave.es\/fr\/non-categorise\/les-fenetres-isolees-optimisent-elles-lefficacite-energetique\/\",\"url\":\"https:\/\/unave.es\/fr\/non-categorise\/les-fenetres-isolees-optimisent-elles-lefficacite-energetique\/\",\"name\":\"Les fen\u00eatres isol\u00e9es optimisent-elles l'efficacit\u00e9 \u00e9nerg\u00e9tique ?\",\"isPartOf\":{\"@id\":\"https:\/\/unave.es\/fr\/#website\"},\"primaryImageOfPage\":{\"@id\":\"https:\/\/unave.es\/fr\/non-categorise\/les-fenetres-isolees-optimisent-elles-lefficacite-energetique\/#primaryimage\"},\"image\":{\"@id\":\"https:\/\/unave.es\/fr\/non-categorise\/les-fenetres-isolees-optimisent-elles-lefficacite-energetique\/#primaryimage\"},\"thumbnailUrl\":\"https:\/\/unave.es\/wp-content\/uploads\/2024\/10\/ventanas-aislantes.jpg\",\"datePublished\":\"2024-10-08T08:31:21+00:00\",\"dateModified\":\"2026-01-22T08:45:31+00:00\",\"author\":{\"@id\":\"https:\/\/unave.es\/fr\/#\/schema\/person\/64519cf7915384e41da0638fdfb94845\"},\"description\":\"\ud83e\ude9f D\u00e9couvrez comment les fen\u00eatres isol\u00e9es peuvent am\u00e9liorer l'efficacit\u00e9 \u00e9nerg\u00e9tique de votre maison ou de votre entreprise - \u00e9conomisez sur vos factures et vivez mieux !\",\"breadcrumb\":{\"@id\":\"https:\/\/unave.es\/fr\/non-categorise\/les-fenetres-isolees-optimisent-elles-lefficacite-energetique\/#breadcrumb\"},\"inLanguage\":\"fr-FR\",\"potentialAction\":[{\"@type\":\"ReadAction\",\"target\":[\"https:\/\/unave.es\/fr\/non-categorise\/les-fenetres-isolees-optimisent-elles-lefficacite-energetique\/\"]}]},{\"@type\":\"ImageObject\",\"inLanguage\":\"fr-FR\",\"@id\":\"https:\/\/unave.es\/fr\/non-categorise\/les-fenetres-isolees-optimisent-elles-lefficacite-energetique\/#primaryimage\",\"url\":\"https:\/\/unave.es\/wp-content\/uploads\/2024\/10\/ventanas-aislantes.jpg\",\"contentUrl\":\"https:\/\/unave.es\/wp-content\/uploads\/2024\/10\/ventanas-aislantes.jpg\",\"width\":1000,\"height\":500,\"caption\":\"fen\u00eatres isol\u00e9es\"},{\"@type\":\"BreadcrumbList\",\"@id\":\"https:\/\/unave.es\/fr\/non-categorise\/les-fenetres-isolees-optimisent-elles-lefficacite-energetique\/#breadcrumb\",\"itemListElement\":[{\"@type\":\"ListItem\",\"position\":1,\"name\":\"Portada\",\"item\":\"https:\/\/unave.es\/fr\/\"},{\"@type\":\"ListItem\",\"position\":2,\"name\":\"Les fen\u00eatres isol\u00e9es optimisent-elles l&rsquo;efficacit\u00e9 \u00e9nerg\u00e9tique ?\"}]},{\"@type\":\"WebSite\",\"@id\":\"https:\/\/unave.es\/fr\/#website\",\"url\":\"https:\/\/unave.es\/fr\/\",\"name\":\"Unave\",\"description\":\"\",\"potentialAction\":[{\"@type\":\"SearchAction\",\"target\":{\"@type\":\"EntryPoint\",\"urlTemplate\":\"https:\/\/unave.es\/fr\/?s={search_term_string}\"},\"query-input\":{\"@type\":\"PropertyValueSpecification\",\"valueRequired\":true,\"valueName\":\"search_term_string\"}}],\"inLanguage\":\"fr-FR\"},{\"@type\":\"Person\",\"@id\":\"https:\/\/unave.es\/fr\/#\/schema\/person\/64519cf7915384e41da0638fdfb94845\",\"name\":\"unave\",\"image\":{\"@type\":\"ImageObject\",\"inLanguage\":\"fr-FR\",\"@id\":\"https:\/\/unave.es\/fr\/#\/schema\/person\/image\/\",\"url\":\"https:\/\/secure.gravatar.com\/avatar\/a3a032203e7cbaf21b3c6f5e9135603d87fad529539970087ce6822a70d75320?s=96&d=mm&r=g\",\"contentUrl\":\"https:\/\/secure.gravatar.com\/avatar\/a3a032203e7cbaf21b3c6f5e9135603d87fad529539970087ce6822a70d75320?s=96&d=mm&r=g\",\"caption\":\"unave\"},\"sameAs\":[\"https:\/\/unave.es\"]}]}<\/script>\n<!-- \/ Yoast SEO plugin. -->","yoast_head_json":{"title":"Les fen\u00eatres isol\u00e9es optimisent-elles l'efficacit\u00e9 \u00e9nerg\u00e9tique ?","description":"\ud83e\ude9f D\u00e9couvrez comment les fen\u00eatres isol\u00e9es peuvent am\u00e9liorer l'efficacit\u00e9 \u00e9nerg\u00e9tique de votre maison ou de votre entreprise - \u00e9conomisez sur vos factures et vivez mieux !","robots":{"index":"index","follow":"follow","max-snippet":"max-snippet:-1","max-image-preview":"max-image-preview:large","max-video-preview":"max-video-preview:-1"},"canonical":"https:\/\/unave.es\/fr\/non-categorise\/les-fenetres-isolees-optimisent-elles-lefficacite-energetique\/","og_locale":"fr_FR","og_type":"article","og_title":"Les fen\u00eatres isol\u00e9es optimisent-elles l'efficacit\u00e9 \u00e9nerg\u00e9tique ?","og_description":"\ud83e\ude9f D\u00e9couvrez comment les fen\u00eatres isol\u00e9es peuvent am\u00e9liorer l'efficacit\u00e9 \u00e9nerg\u00e9tique de votre maison ou de votre entreprise - \u00e9conomisez sur vos factures et vivez mieux !","og_url":"https:\/\/unave.es\/fr\/non-categorise\/les-fenetres-isolees-optimisent-elles-lefficacite-energetique\/","og_site_name":"Unave","article_published_time":"2024-10-08T08:31:21+00:00","article_modified_time":"2026-01-22T08:45:31+00:00","og_image":[{"width":1000,"height":500,"url":"https:\/\/unave.es\/wp-content\/uploads\/2024\/10\/ventanas-aislantes.jpg","type":"image\/jpeg"}],"author":"unave","twitter_card":"summary_large_image","twitter_misc":{"\u00c9crit par":"unave","Dur\u00e9e de lecture estim\u00e9e":"5 minutes"},"schema":{"@context":"https:\/\/schema.org","@graph":[{"@type":"Article","@id":"https:\/\/unave.es\/fr\/non-categorise\/les-fenetres-isolees-optimisent-elles-lefficacite-energetique\/#article","isPartOf":{"@id":"https:\/\/unave.es\/fr\/non-categorise\/les-fenetres-isolees-optimisent-elles-lefficacite-energetique\/"},"author":{"name":"unave","@id":"https:\/\/unave.es\/fr\/#\/schema\/person\/64519cf7915384e41da0638fdfb94845"},"headline":"Les fen\u00eatres isol\u00e9es optimisent-elles l&rsquo;efficacit\u00e9 \u00e9nerg\u00e9tique ?","datePublished":"2024-10-08T08:31:21+00:00","dateModified":"2026-01-22T08:45:31+00:00","mainEntityOfPage":{"@id":"https:\/\/unave.es\/fr\/non-categorise\/les-fenetres-isolees-optimisent-elles-lefficacite-energetique\/"},"wordCount":1078,"image":{"@id":"https:\/\/unave.es\/fr\/non-categorise\/les-fenetres-isolees-optimisent-elles-lefficacite-energetique\/#primaryimage"},"thumbnailUrl":"https:\/\/unave.es\/wp-content\/uploads\/2024\/10\/ventanas-aislantes.jpg","articleSection":["Non cat\u00e9goris\u00e9"],"inLanguage":"fr-FR"},{"@type":"WebPage","@id":"https:\/\/unave.es\/fr\/non-categorise\/les-fenetres-isolees-optimisent-elles-lefficacite-energetique\/","url":"https:\/\/unave.es\/fr\/non-categorise\/les-fenetres-isolees-optimisent-elles-lefficacite-energetique\/","name":"Les fen\u00eatres isol\u00e9es optimisent-elles l'efficacit\u00e9 \u00e9nerg\u00e9tique ?","isPartOf":{"@id":"https:\/\/unave.es\/fr\/#website"},"primaryImageOfPage":{"@id":"https:\/\/unave.es\/fr\/non-categorise\/les-fenetres-isolees-optimisent-elles-lefficacite-energetique\/#primaryimage"},"image":{"@id":"https:\/\/unave.es\/fr\/non-categorise\/les-fenetres-isolees-optimisent-elles-lefficacite-energetique\/#primaryimage"},"thumbnailUrl":"https:\/\/unave.es\/wp-content\/uploads\/2024\/10\/ventanas-aislantes.jpg","datePublished":"2024-10-08T08:31:21+00:00","dateModified":"2026-01-22T08:45:31+00:00","author":{"@id":"https:\/\/unave.es\/fr\/#\/schema\/person\/64519cf7915384e41da0638fdfb94845"},"description":"\ud83e\ude9f D\u00e9couvrez comment les fen\u00eatres isol\u00e9es peuvent am\u00e9liorer l'efficacit\u00e9 \u00e9nerg\u00e9tique de votre maison ou de votre entreprise - \u00e9conomisez sur vos factures et vivez mieux !","breadcrumb":{"@id":"https:\/\/unave.es\/fr\/non-categorise\/les-fenetres-isolees-optimisent-elles-lefficacite-energetique\/#breadcrumb"},"inLanguage":"fr-FR","potentialAction":[{"@type":"ReadAction","target":["https:\/\/unave.es\/fr\/non-categorise\/les-fenetres-isolees-optimisent-elles-lefficacite-energetique\/"]}]},{"@type":"ImageObject","inLanguage":"fr-FR","@id":"https:\/\/unave.es\/fr\/non-categorise\/les-fenetres-isolees-optimisent-elles-lefficacite-energetique\/#primaryimage","url":"https:\/\/unave.es\/wp-content\/uploads\/2024\/10\/ventanas-aislantes.jpg","contentUrl":"https:\/\/unave.es\/wp-content\/uploads\/2024\/10\/ventanas-aislantes.jpg","width":1000,"height":500,"caption":"fen\u00eatres isol\u00e9es"},{"@type":"BreadcrumbList","@id":"https:\/\/unave.es\/fr\/non-categorise\/les-fenetres-isolees-optimisent-elles-lefficacite-energetique\/#breadcrumb","itemListElement":[{"@type":"ListItem","position":1,"name":"Portada","item":"https:\/\/unave.es\/fr\/"},{"@type":"ListItem","position":2,"name":"Les fen\u00eatres isol\u00e9es optimisent-elles l&rsquo;efficacit\u00e9 \u00e9nerg\u00e9tique ?"}]},{"@type":"WebSite","@id":"https:\/\/unave.es\/fr\/#website","url":"https:\/\/unave.es\/fr\/","name":"Unave","description":"","potentialAction":[{"@type":"SearchAction","target":{"@type":"EntryPoint","urlTemplate":"https:\/\/unave.es\/fr\/?s={search_term_string}"},"query-input":{"@type":"PropertyValueSpecification","valueRequired":true,"valueName":"search_term_string"}}],"inLanguage":"fr-FR"},{"@type":"Person","@id":"https:\/\/unave.es\/fr\/#\/schema\/person\/64519cf7915384e41da0638fdfb94845","name":"unave","image":{"@type":"ImageObject","inLanguage":"fr-FR","@id":"https:\/\/unave.es\/fr\/#\/schema\/person\/image\/","url":"https:\/\/secure.gravatar.com\/avatar\/a3a032203e7cbaf21b3c6f5e9135603d87fad529539970087ce6822a70d75320?s=96&d=mm&r=g","contentUrl":"https:\/\/secure.gravatar.com\/avatar\/a3a032203e7cbaf21b3c6f5e9135603d87fad529539970087ce6822a70d75320?s=96&d=mm&r=g","caption":"unave"},"sameAs":["https:\/\/unave.es"]}]}},"_links":{"self":[{"href":"https:\/\/unave.es\/fr\/wp-json\/wp\/v2\/posts\/9773","targetHints":{"allow":["GET"]}}],"collection":[{"href":"https:\/\/unave.es\/fr\/wp-json\/wp\/v2\/posts"}],"about":[{"href":"https:\/\/unave.es\/fr\/wp-json\/wp\/v2\/types\/post"}],"author":[{"embeddable":true,"href":"https:\/\/unave.es\/fr\/wp-json\/wp\/v2\/users\/1"}],"replies":[{"embeddable":true,"href":"https:\/\/unave.es\/fr\/wp-json\/wp\/v2\/comments?post=9773"}],"version-history":[{"count":3,"href":"https:\/\/unave.es\/fr\/wp-json\/wp\/v2\/posts\/9773\/revisions"}],"predecessor-version":[{"id":9776,"href":"https:\/\/unave.es\/fr\/wp-json\/wp\/v2\/posts\/9773\/revisions\/9776"}],"wp:featuredmedia":[{"embeddable":true,"href":"https:\/\/unave.es\/fr\/wp-json\/wp\/v2\/media\/9768"}],"wp:attachment":[{"href":"https:\/\/unave.es\/fr\/wp-json\/wp\/v2\/media?parent=9773"}],"wp:term":[{"taxonomy":"category","embeddable":true,"href":"https:\/\/unave.es\/fr\/wp-json\/wp\/v2\/categories?post=9773"},{"taxonomy":"post_tag","embeddable":true,"href":"https:\/\/unave.es\/fr\/wp-json\/wp\/v2\/tags?post=9773"}],"curies":[{"name":"wp","href":"https:\/\/api.w.org\/{rel}","templated":true}]}}