{"id":9764,"date":"2024-10-25T14:15:46","date_gmt":"2024-10-25T12:15:46","guid":{"rendered":"https:\/\/unave.es\/non-categorise\/les-fenetres-de-benidorm-que-vous-recherchiez\/"},"modified":"2024-10-25T14:15:46","modified_gmt":"2024-10-25T12:15:46","slug":"les-fenetres-de-benidorm-que-vous-recherchiez","status":"publish","type":"post","link":"https:\/\/unave.es\/fr\/non-categorise\/les-fenetres-de-benidorm-que-vous-recherchiez\/","title":{"rendered":"Les fen\u00eatres de Benidorm que vous recherchiez"},"content":{"rendered":"<p><span style=\"font-weight: 400;\">Si vous cherchez les meilleures fen\u00eatres \u00e0 Benidorm, vous \u00eates au bon endroit. Nous savons combien il est important d&rsquo;avoir des fen\u00eatres de qualit\u00e9 pour votre maison ou votre entreprise, car elles am\u00e9liorent non seulement l&rsquo;esth\u00e9tique, mais garantissent \u00e9galement un environnement confortable, efficace et s\u00fbr. Chez Unave, nous vous proposons un catalogue large et vari\u00e9 de<\/span><a href=\"https:\/\/unave.es\/fr\/produits\/fenetres\/\"><span style=\"font-weight: 400;\"> fen\u00eatres sur mesure<\/span><\/a><span style=\"font-weight: 400;\"> qui s&rsquo;adaptent \u00e0 tous les espaces et \u00e0 tous les besoins.<\/span><\/p>\n<h2><strong>Vaste catalogue de fen\u00eatres<\/strong><\/h2>\n<p><span style=\"font-weight: 400;\">Chez Unave, nous travaillons avec certaines des marques les plus reconnues du march\u00e9, telles que<\/span><a href=\"https:\/\/www.finstral.com\/es\/home\/1-0.html\"><span style=\"font-weight: 400;\"> Finstral<\/span><\/a><span style=\"font-weight: 400;\"> y <\/span><a href=\"https:\/\/www.technal.com\/\"><span style=\"font-weight: 400;\">Technal<\/span><\/a><span style=\"font-weight: 400;\">ce qui nous permet d&rsquo;offrir une large gamme d&rsquo;options personnalis\u00e9es. Nous disposons de fen\u00eatres en diff\u00e9rents mat\u00e9riaux tels que le PVC, l&rsquo;aluminium, le bois et m\u00eame des combinaisons de ces mat\u00e9riaux, ce qui nous permet de nous adapter \u00e0 n&rsquo;importe quel style architectural ou \u00e0 n&rsquo;importe quelle pr\u00e9f\u00e9rence personnelle.<\/span><\/p>\n<p><span style=\"font-weight: 400;\">Notre catalogue comprend une large s\u00e9lection de couleurs, de types d&rsquo;ouverture et de finitions pour r\u00e9pondre \u00e0 vos besoins, ainsi que des options de fen\u00eatres \u00e0 levage et \u00e0 coulissement et de fen\u00eatres de toit. Gr\u00e2ce \u00e0 la polyvalence de nos marques, nous pouvons cr\u00e9er des combinaisons presque illimit\u00e9es, ce qui vous permet de trouver la fen\u00eatre id\u00e9ale pour votre maison ou votre entreprise \u00e0 Benidorm. <\/span><\/p>\n<h2><strong><a href=\"https:\/\/unave.es\/fr\/produits\/fenetres\/\"><img loading=\"lazy\" decoding=\"async\" class=\"alignnone wp-image-8784 size-full\" src=\"https:\/\/unave.es\/wp-content\/uploads\/2024\/10\/ventana-en-benidorm.jpg\" alt=\"fen\u00eatre \u00e0 benidorm\" width=\"1000\" height=\"500\" srcset=\"https:\/\/unave.es\/wp-content\/uploads\/2024\/10\/ventana-en-benidorm.jpg 1000w, https:\/\/unave.es\/wp-content\/uploads\/2024\/10\/ventana-en-benidorm-300x150.jpg 300w, https:\/\/unave.es\/wp-content\/uploads\/2024\/10\/ventana-en-benidorm-768x384.jpg 768w, https:\/\/unave.es\/wp-content\/uploads\/2024\/10\/ventana-en-benidorm-600x300.jpg 600w, https:\/\/unave.es\/wp-content\/uploads\/2024\/10\/ventana-en-benidorm-1x1.jpg 1w, https:\/\/unave.es\/wp-content\/uploads\/2024\/10\/ventana-en-benidorm-10x5.jpg 10w\" sizes=\"auto, (max-width: 1000px) 100vw, 1000px\" \/><\/a><\/strong><\/h2>\n<h2><strong>Quels sont les \u00e9l\u00e9ments \u00e0 prendre en compte pour le choix de vos fen\u00eatres \u00e0 Benidorm ?<\/strong><\/h2>\n<p><span style=\"font-weight: 400;\">Le choix des fen\u00eatres dans une ville comme Benidorm, o\u00f9 le climat et l&rsquo;environnement urbain jouent un r\u00f4le important, doit tenir compte de plusieurs facteurs cl\u00e9s :<\/span><\/p>\n<p><strong>Isolation thermique et acoustique<\/strong><\/p>\n<p><span style=\"font-weight: 400;\">Benidorm est une ville aux temp\u00e9ratures estivales \u00e9lev\u00e9es et \u00e0 l&rsquo;activit\u00e9 constante. Une bonne isolation thermique vous aidera \u00e0 garder votre maison fra\u00eeche pendant les mois les plus chauds, tandis que l&rsquo;insonorisation r\u00e9duira les bruits ext\u00e9rieurs, en particulier si vous vivez dans des zones tr\u00e8s fr\u00e9quent\u00e9es. <\/span><\/p>\n<p><strong>Mat\u00e9riau adapt\u00e9<\/strong><\/p>\n<p><span style=\"font-weight: 400;\">Choisissez des mat\u00e9riaux qui s&rsquo;adaptent aux conditions climatiques de la ville. \u00c0 Benidorm, l&rsquo;humidit\u00e9 peut affecter les mat\u00e9riaux les plus fragiles. Des options telles que le PVC et l&rsquo;aluminium sont donc id\u00e9ales pour leur r\u00e9sistance et leur faible entretien. <\/span><\/p>\n<p><strong>Esth\u00e9tique et fonctionnalit\u00e9<\/strong><\/p>\n<p><span style=\"font-weight: 400;\">En plus de choisir des fen\u00eatres qui s&rsquo;harmonisent avec le design de votre maison, vous devez \u00e9galement penser \u00e0 leur fonctionnalit\u00e9. Les fen\u00eatres soulevantes-coulissantes, par exemple, sont parfaites pour optimiser l&rsquo;espace et am\u00e9liorer l&rsquo;acc\u00e8s aux balcons ou aux terrasses. <\/span><\/p>\n<p><strong>Efficacit\u00e9 \u00e9nerg\u00e9tique<\/strong><\/p>\n<p><span style=\"font-weight: 400;\">Des fen\u00eatres bien isol\u00e9es permettent de r\u00e9duire la consommation d&rsquo;\u00e9nergie, ce qui est essentiel \u00e0 Benidorm, o\u00f9 le maintien d&rsquo;une temp\u00e9rature confortable peut s&rsquo;av\u00e9rer co\u00fbteux si les fen\u00eatres ne sont pas correctement \u00e9tanches.<\/span><\/p>\n<p><strong>S\u00e9curit\u00e9<\/strong><\/p>\n<p><span style=\"font-weight: 400;\">Chez Unave, nos fen\u00eatres sont con\u00e7ues pour offrir des normes de s\u00e9curit\u00e9 \u00e9lev\u00e9es, avec des syst\u00e8mes de verrouillage avanc\u00e9s qui prot\u00e8gent votre maison.<\/span><\/p>\n<h2><strong><img loading=\"lazy\" decoding=\"async\" class=\"alignnone wp-image-8786 size-full\" src=\"https:\/\/unave.es\/wp-content\/uploads\/2024\/10\/ventanas-en-benidorm.jpg\" alt=\"fen\u00eatres \u00e0 benidorm\" width=\"1000\" height=\"500\" srcset=\"https:\/\/unave.es\/wp-content\/uploads\/2024\/10\/ventanas-en-benidorm.jpg 1000w, https:\/\/unave.es\/wp-content\/uploads\/2024\/10\/ventanas-en-benidorm-300x150.jpg 300w, https:\/\/unave.es\/wp-content\/uploads\/2024\/10\/ventanas-en-benidorm-768x384.jpg 768w, https:\/\/unave.es\/wp-content\/uploads\/2024\/10\/ventanas-en-benidorm-600x300.jpg 600w, https:\/\/unave.es\/wp-content\/uploads\/2024\/10\/ventanas-en-benidorm-1x1.jpg 1w, https:\/\/unave.es\/wp-content\/uploads\/2024\/10\/ventanas-en-benidorm-10x5.jpg 10w\" sizes=\"auto, (max-width: 1000px) 100vw, 1000px\" \/><\/strong><\/h2>\n<h2><strong>Pourquoi nous choisir ?<\/strong><\/h2>\n<p><span style=\"font-weight: 400;\">Chez Unave, nous nous distinguons en offrant un service complet et personnalis\u00e9. Non seulement nous vendons des fen\u00eatres, mais nous vous accompagnons \u00e9galement tout au long du processus, de la s\u00e9lection du produit \u00e0 l&rsquo;installation, en veillant \u00e0 ce que chaque d\u00e9tail soit parfait. <\/span><\/p>\n<p><strong>Exp\u00e9rience et professionnalisme<\/strong><\/p>\n<p><span style=\"font-weight: 400;\">Nous disposons d&rsquo;une \u00e9quipe sp\u00e9cialis\u00e9e qui vous conseillera dans le choix des fen\u00eatres les mieux adapt\u00e9es \u00e0 vos besoins.<\/span><\/p>\n<p><span style=\"font-weight: 400;\"><strong>Qualit\u00e9 garantie<\/strong><\/span><\/p>\n<p><span style=\"font-weight: 400;\">Nous travaillons avec des marques prestigieuses telles que Finstral et Technal, ce qui nous permet d&rsquo;offrir des produits r\u00e9pondant aux normes de qualit\u00e9 et de durabilit\u00e9 les plus \u00e9lev\u00e9es.<\/span><\/p>\n<p><strong>Personnalisation<\/strong><\/p>\n<p><span style=\"font-weight: 400;\">Chaque projet est unique. Nous veillons \u00e0 ce que les fen\u00eatres s&rsquo;adaptent parfaitement \u00e0 votre espace, tant en termes de dimensions que de design. <\/span><\/p>\n<p><strong>Installation professionnelle<\/strong><\/p>\n<p><span style=\"font-weight: 400;\">Nous nous occupons de l&rsquo;installation du d\u00e9but \u00e0 la fin, en veillant \u00e0 ce que le processus soit rapide, propre et efficace.<\/span><\/p>\n<h2><strong>Contactez-nous sans engagement pour vos fen\u00eatres \u00e0 Benidorm<\/strong><\/h2>\n<p><span style=\"font-weight: 400;\">Si vous cherchez les meilleures fen\u00eatres \u00e0 Benidorm, n&rsquo;h\u00e9sitez pas \u00e0 nous contacter. Chez Unave, nous vous offrons un service personnalis\u00e9 et des solutions adapt\u00e9es \u00e0 vos besoins. Que vous ayez besoin de conseils pour un projet de r\u00e9novation ou que vous cherchiez \u00e0 installer des fen\u00eatres dans une nouvelle construction, nous sommes l\u00e0 pour vous aider.  <\/span><\/p>\n<p><span style=\"font-weight: 400;\">Demandez un devis sans engagement et d\u00e9couvrez pourquoi nous sommes la meilleure option pour vos fen\u00eatres \u00e0 Benidorm, nous vous attendons ! <\/span><\/p>\n","protected":false},"excerpt":{"rendered":"<p>Si vous cherchez les meilleures fen\u00eatres \u00e0 Benidorm, vous \u00eates au bon endroit. Nous savons combien il est important d&rsquo;avoir&#8230;<\/p>\n","protected":false},"author":1,"featured_media":0,"comment_status":"closed","ping_status":"closed","sticky":false,"template":"","format":"standard","meta":{"_monsterinsights_skip_tracking":false,"_monsterinsights_sitenote_active":false,"_monsterinsights_sitenote_note":"","_monsterinsights_sitenote_category":0,"footnotes":""},"categories":[81],"tags":[],"class_list":["post-9764","post","type-post","status-publish","format-standard","hentry","category-non-categorise"],"yoast_head":"<!-- This site is optimized with the Yoast SEO plugin v26.8 - https:\/\/yoast.com\/product\/yoast-seo-wordpress\/ -->\n<title>Fen\u00eatres \u00e0 Benidorm : PVC, aluminium et bien plus encore ! | Unave<\/title>\n<meta name=\"description\" content=\"Fen\u00eatres \u00e0 Benidorm et dans les environs | Nous avons tous les types de fen\u00eatres qui s&#039;adaptent \u00e0 votre projet | Contactez-nous sans engagement.\" \/>\n<meta name=\"robots\" content=\"index, follow, max-snippet:-1, max-image-preview:large, max-video-preview:-1\" \/>\n<link rel=\"canonical\" href=\"https:\/\/unave.es\/fr\/non-categorise\/les-fenetres-de-benidorm-que-vous-recherchiez\/\" \/>\n<meta property=\"og:locale\" content=\"fr_FR\" \/>\n<meta property=\"og:type\" content=\"article\" \/>\n<meta property=\"og:title\" content=\"Fen\u00eatres \u00e0 Benidorm : PVC, aluminium et bien plus encore ! | Unave\" \/>\n<meta property=\"og:description\" content=\"Fen\u00eatres \u00e0 Benidorm et dans les environs | Nous avons tous les types de fen\u00eatres qui s&#039;adaptent \u00e0 votre projet | Contactez-nous sans engagement.\" \/>\n<meta property=\"og:url\" content=\"https:\/\/unave.es\/fr\/non-categorise\/les-fenetres-de-benidorm-que-vous-recherchiez\/\" \/>\n<meta property=\"og:site_name\" content=\"Unave\" \/>\n<meta property=\"article:published_time\" content=\"2024-10-25T12:15:46+00:00\" \/>\n<meta property=\"og:image\" content=\"https:\/\/unave.es\/wp-content\/uploads\/2024\/10\/ventanas-benidorm.jpg\" \/>\n\t<meta property=\"og:image:width\" content=\"1000\" \/>\n\t<meta property=\"og:image:height\" content=\"500\" \/>\n\t<meta property=\"og:image:type\" content=\"image\/jpeg\" \/>\n<meta name=\"author\" content=\"unave\" \/>\n<meta name=\"twitter:card\" content=\"summary_large_image\" \/>\n<meta name=\"twitter:label1\" content=\"\u00c9crit par\" \/>\n\t<meta name=\"twitter:data1\" content=\"unave\" \/>\n\t<meta name=\"twitter:label2\" content=\"Dur\u00e9e de lecture estim\u00e9e\" \/>\n\t<meta name=\"twitter:data2\" content=\"4 minutes\" \/>\n<script type=\"application\/ld+json\" class=\"yoast-schema-graph\">{\"@context\":\"https:\/\/schema.org\",\"@graph\":[{\"@type\":\"Article\",\"@id\":\"https:\/\/unave.es\/fr\/non-categorise\/les-fenetres-de-benidorm-que-vous-recherchiez\/#article\",\"isPartOf\":{\"@id\":\"https:\/\/unave.es\/fr\/non-categorise\/les-fenetres-de-benidorm-que-vous-recherchiez\/\"},\"author\":{\"name\":\"unave\",\"@id\":\"https:\/\/unave.es\/fr\/#\/schema\/person\/64519cf7915384e41da0638fdfb94845\"},\"headline\":\"Les fen\u00eatres de Benidorm que vous recherchiez\",\"datePublished\":\"2024-10-25T12:15:46+00:00\",\"mainEntityOfPage\":{\"@id\":\"https:\/\/unave.es\/fr\/non-categorise\/les-fenetres-de-benidorm-que-vous-recherchiez\/\"},\"wordCount\":764,\"image\":{\"@id\":\"https:\/\/unave.es\/fr\/non-categorise\/les-fenetres-de-benidorm-que-vous-recherchiez\/#primaryimage\"},\"thumbnailUrl\":\"https:\/\/unave.es\/wp-content\/uploads\/2024\/10\/ventana-en-benidorm.jpg\",\"articleSection\":[\"Non cat\u00e9goris\u00e9\"],\"inLanguage\":\"fr-FR\"},{\"@type\":\"WebPage\",\"@id\":\"https:\/\/unave.es\/fr\/non-categorise\/les-fenetres-de-benidorm-que-vous-recherchiez\/\",\"url\":\"https:\/\/unave.es\/fr\/non-categorise\/les-fenetres-de-benidorm-que-vous-recherchiez\/\",\"name\":\"Fen\u00eatres \u00e0 Benidorm : PVC, aluminium et bien plus encore ! | Unave\",\"isPartOf\":{\"@id\":\"https:\/\/unave.es\/fr\/#website\"},\"primaryImageOfPage\":{\"@id\":\"https:\/\/unave.es\/fr\/non-categorise\/les-fenetres-de-benidorm-que-vous-recherchiez\/#primaryimage\"},\"image\":{\"@id\":\"https:\/\/unave.es\/fr\/non-categorise\/les-fenetres-de-benidorm-que-vous-recherchiez\/#primaryimage\"},\"thumbnailUrl\":\"https:\/\/unave.es\/wp-content\/uploads\/2024\/10\/ventana-en-benidorm.jpg\",\"datePublished\":\"2024-10-25T12:15:46+00:00\",\"author\":{\"@id\":\"https:\/\/unave.es\/fr\/#\/schema\/person\/64519cf7915384e41da0638fdfb94845\"},\"description\":\"Fen\u00eatres \u00e0 Benidorm et dans les environs | Nous avons tous les types de fen\u00eatres qui s'adaptent \u00e0 votre projet | Contactez-nous sans engagement.\",\"breadcrumb\":{\"@id\":\"https:\/\/unave.es\/fr\/non-categorise\/les-fenetres-de-benidorm-que-vous-recherchiez\/#breadcrumb\"},\"inLanguage\":\"fr-FR\",\"potentialAction\":[{\"@type\":\"ReadAction\",\"target\":[\"https:\/\/unave.es\/fr\/non-categorise\/les-fenetres-de-benidorm-que-vous-recherchiez\/\"]}]},{\"@type\":\"ImageObject\",\"inLanguage\":\"fr-FR\",\"@id\":\"https:\/\/unave.es\/fr\/non-categorise\/les-fenetres-de-benidorm-que-vous-recherchiez\/#primaryimage\",\"url\":\"https:\/\/unave.es\/wp-content\/uploads\/2024\/10\/ventana-en-benidorm.jpg\",\"contentUrl\":\"https:\/\/unave.es\/wp-content\/uploads\/2024\/10\/ventana-en-benidorm.jpg\"},{\"@type\":\"BreadcrumbList\",\"@id\":\"https:\/\/unave.es\/fr\/non-categorise\/les-fenetres-de-benidorm-que-vous-recherchiez\/#breadcrumb\",\"itemListElement\":[{\"@type\":\"ListItem\",\"position\":1,\"name\":\"Portada\",\"item\":\"https:\/\/unave.es\/fr\/\"},{\"@type\":\"ListItem\",\"position\":2,\"name\":\"Les fen\u00eatres de Benidorm que vous recherchiez\"}]},{\"@type\":\"WebSite\",\"@id\":\"https:\/\/unave.es\/fr\/#website\",\"url\":\"https:\/\/unave.es\/fr\/\",\"name\":\"Unave\",\"description\":\"\",\"potentialAction\":[{\"@type\":\"SearchAction\",\"target\":{\"@type\":\"EntryPoint\",\"urlTemplate\":\"https:\/\/unave.es\/fr\/?s={search_term_string}\"},\"query-input\":{\"@type\":\"PropertyValueSpecification\",\"valueRequired\":true,\"valueName\":\"search_term_string\"}}],\"inLanguage\":\"fr-FR\"},{\"@type\":\"Person\",\"@id\":\"https:\/\/unave.es\/fr\/#\/schema\/person\/64519cf7915384e41da0638fdfb94845\",\"name\":\"unave\",\"image\":{\"@type\":\"ImageObject\",\"inLanguage\":\"fr-FR\",\"@id\":\"https:\/\/unave.es\/fr\/#\/schema\/person\/image\/\",\"url\":\"https:\/\/secure.gravatar.com\/avatar\/a3a032203e7cbaf21b3c6f5e9135603d87fad529539970087ce6822a70d75320?s=96&d=mm&r=g\",\"contentUrl\":\"https:\/\/secure.gravatar.com\/avatar\/a3a032203e7cbaf21b3c6f5e9135603d87fad529539970087ce6822a70d75320?s=96&d=mm&r=g\",\"caption\":\"unave\"},\"sameAs\":[\"https:\/\/unave.es\"]}]}<\/script>\n<!-- \/ Yoast SEO plugin. -->","yoast_head_json":{"title":"Fen\u00eatres \u00e0 Benidorm : PVC, aluminium et bien plus encore ! | Unave","description":"Fen\u00eatres \u00e0 Benidorm et dans les environs | Nous avons tous les types de fen\u00eatres qui s'adaptent \u00e0 votre projet | Contactez-nous sans engagement.","robots":{"index":"index","follow":"follow","max-snippet":"max-snippet:-1","max-image-preview":"max-image-preview:large","max-video-preview":"max-video-preview:-1"},"canonical":"https:\/\/unave.es\/fr\/non-categorise\/les-fenetres-de-benidorm-que-vous-recherchiez\/","og_locale":"fr_FR","og_type":"article","og_title":"Fen\u00eatres \u00e0 Benidorm : PVC, aluminium et bien plus encore ! | Unave","og_description":"Fen\u00eatres \u00e0 Benidorm et dans les environs | Nous avons tous les types de fen\u00eatres qui s'adaptent \u00e0 votre projet | Contactez-nous sans engagement.","og_url":"https:\/\/unave.es\/fr\/non-categorise\/les-fenetres-de-benidorm-que-vous-recherchiez\/","og_site_name":"Unave","article_published_time":"2024-10-25T12:15:46+00:00","og_image":[{"width":1000,"height":500,"url":"https:\/\/unave.es\/wp-content\/uploads\/2024\/10\/ventanas-benidorm.jpg","type":"image\/jpeg"}],"author":"unave","twitter_card":"summary_large_image","twitter_misc":{"\u00c9crit par":"unave","Dur\u00e9e de lecture estim\u00e9e":"4 minutes"},"schema":{"@context":"https:\/\/schema.org","@graph":[{"@type":"Article","@id":"https:\/\/unave.es\/fr\/non-categorise\/les-fenetres-de-benidorm-que-vous-recherchiez\/#article","isPartOf":{"@id":"https:\/\/unave.es\/fr\/non-categorise\/les-fenetres-de-benidorm-que-vous-recherchiez\/"},"author":{"name":"unave","@id":"https:\/\/unave.es\/fr\/#\/schema\/person\/64519cf7915384e41da0638fdfb94845"},"headline":"Les fen\u00eatres de Benidorm que vous recherchiez","datePublished":"2024-10-25T12:15:46+00:00","mainEntityOfPage":{"@id":"https:\/\/unave.es\/fr\/non-categorise\/les-fenetres-de-benidorm-que-vous-recherchiez\/"},"wordCount":764,"image":{"@id":"https:\/\/unave.es\/fr\/non-categorise\/les-fenetres-de-benidorm-que-vous-recherchiez\/#primaryimage"},"thumbnailUrl":"https:\/\/unave.es\/wp-content\/uploads\/2024\/10\/ventana-en-benidorm.jpg","articleSection":["Non cat\u00e9goris\u00e9"],"inLanguage":"fr-FR"},{"@type":"WebPage","@id":"https:\/\/unave.es\/fr\/non-categorise\/les-fenetres-de-benidorm-que-vous-recherchiez\/","url":"https:\/\/unave.es\/fr\/non-categorise\/les-fenetres-de-benidorm-que-vous-recherchiez\/","name":"Fen\u00eatres \u00e0 Benidorm : PVC, aluminium et bien plus encore ! | Unave","isPartOf":{"@id":"https:\/\/unave.es\/fr\/#website"},"primaryImageOfPage":{"@id":"https:\/\/unave.es\/fr\/non-categorise\/les-fenetres-de-benidorm-que-vous-recherchiez\/#primaryimage"},"image":{"@id":"https:\/\/unave.es\/fr\/non-categorise\/les-fenetres-de-benidorm-que-vous-recherchiez\/#primaryimage"},"thumbnailUrl":"https:\/\/unave.es\/wp-content\/uploads\/2024\/10\/ventana-en-benidorm.jpg","datePublished":"2024-10-25T12:15:46+00:00","author":{"@id":"https:\/\/unave.es\/fr\/#\/schema\/person\/64519cf7915384e41da0638fdfb94845"},"description":"Fen\u00eatres \u00e0 Benidorm et dans les environs | Nous avons tous les types de fen\u00eatres qui s'adaptent \u00e0 votre projet | Contactez-nous sans engagement.","breadcrumb":{"@id":"https:\/\/unave.es\/fr\/non-categorise\/les-fenetres-de-benidorm-que-vous-recherchiez\/#breadcrumb"},"inLanguage":"fr-FR","potentialAction":[{"@type":"ReadAction","target":["https:\/\/unave.es\/fr\/non-categorise\/les-fenetres-de-benidorm-que-vous-recherchiez\/"]}]},{"@type":"ImageObject","inLanguage":"fr-FR","@id":"https:\/\/unave.es\/fr\/non-categorise\/les-fenetres-de-benidorm-que-vous-recherchiez\/#primaryimage","url":"https:\/\/unave.es\/wp-content\/uploads\/2024\/10\/ventana-en-benidorm.jpg","contentUrl":"https:\/\/unave.es\/wp-content\/uploads\/2024\/10\/ventana-en-benidorm.jpg"},{"@type":"BreadcrumbList","@id":"https:\/\/unave.es\/fr\/non-categorise\/les-fenetres-de-benidorm-que-vous-recherchiez\/#breadcrumb","itemListElement":[{"@type":"ListItem","position":1,"name":"Portada","item":"https:\/\/unave.es\/fr\/"},{"@type":"ListItem","position":2,"name":"Les fen\u00eatres de Benidorm que vous recherchiez"}]},{"@type":"WebSite","@id":"https:\/\/unave.es\/fr\/#website","url":"https:\/\/unave.es\/fr\/","name":"Unave","description":"","potentialAction":[{"@type":"SearchAction","target":{"@type":"EntryPoint","urlTemplate":"https:\/\/unave.es\/fr\/?s={search_term_string}"},"query-input":{"@type":"PropertyValueSpecification","valueRequired":true,"valueName":"search_term_string"}}],"inLanguage":"fr-FR"},{"@type":"Person","@id":"https:\/\/unave.es\/fr\/#\/schema\/person\/64519cf7915384e41da0638fdfb94845","name":"unave","image":{"@type":"ImageObject","inLanguage":"fr-FR","@id":"https:\/\/unave.es\/fr\/#\/schema\/person\/image\/","url":"https:\/\/secure.gravatar.com\/avatar\/a3a032203e7cbaf21b3c6f5e9135603d87fad529539970087ce6822a70d75320?s=96&d=mm&r=g","contentUrl":"https:\/\/secure.gravatar.com\/avatar\/a3a032203e7cbaf21b3c6f5e9135603d87fad529539970087ce6822a70d75320?s=96&d=mm&r=g","caption":"unave"},"sameAs":["https:\/\/unave.es"]}]}},"_links":{"self":[{"href":"https:\/\/unave.es\/fr\/wp-json\/wp\/v2\/posts\/9764","targetHints":{"allow":["GET"]}}],"collection":[{"href":"https:\/\/unave.es\/fr\/wp-json\/wp\/v2\/posts"}],"about":[{"href":"https:\/\/unave.es\/fr\/wp-json\/wp\/v2\/types\/post"}],"author":[{"embeddable":true,"href":"https:\/\/unave.es\/fr\/wp-json\/wp\/v2\/users\/1"}],"replies":[{"embeddable":true,"href":"https:\/\/unave.es\/fr\/wp-json\/wp\/v2\/comments?post=9764"}],"version-history":[{"count":0,"href":"https:\/\/unave.es\/fr\/wp-json\/wp\/v2\/posts\/9764\/revisions"}],"wp:attachment":[{"href":"https:\/\/unave.es\/fr\/wp-json\/wp\/v2\/media?parent=9764"}],"wp:term":[{"taxonomy":"category","embeddable":true,"href":"https:\/\/unave.es\/fr\/wp-json\/wp\/v2\/categories?post=9764"},{"taxonomy":"post_tag","embeddable":true,"href":"https:\/\/unave.es\/fr\/wp-json\/wp\/v2\/tags?post=9764"}],"curies":[{"name":"wp","href":"https:\/\/api.w.org\/{rel}","templated":true}]}}