{"id":9756,"date":"2024-12-30T13:37:46","date_gmt":"2024-12-30T12:37:46","guid":{"rendered":"https:\/\/unave.es\/non-categorise\/fenetres-et-portes-a-calpe-le-meilleur-pour-vos-espaces\/"},"modified":"2024-12-30T13:37:46","modified_gmt":"2024-12-30T12:37:46","slug":"fenetres-et-portes-a-calpe-le-meilleur-pour-vos-espaces","status":"publish","type":"post","link":"https:\/\/unave.es\/fr\/non-categorise\/fenetres-et-portes-a-calpe-le-meilleur-pour-vos-espaces\/","title":{"rendered":"Fen\u00eatres et portes \u00e0 Calpe : le meilleur pour vos espaces"},"content":{"rendered":"<p><span style=\"font-size: 16px;\">Lorsqu&rsquo;il s&rsquo;agit de r\u00e9nover ou de construire un espace, le choix des fen\u00eatres et des portes est essentiel pour garantir non seulement l&rsquo;esth\u00e9tique, mais aussi l&rsquo;efficacit\u00e9 \u00e9nerg\u00e9tique, la s\u00e9curit\u00e9 et la durabilit\u00e9. Chez Unave, nous sommes sp\u00e9cialis\u00e9s dans l&rsquo;offre de solutions personnalis\u00e9es dans les domaines suivants <\/span><strong style=\"font-size: 16px;\">portes et fen\u00eatres \u00e0 Calpe<\/strong><span style=\"font-size: 16px;\">adapt\u00e9es aux besoins de chaque client. Notre objectif est de vous fournir des produits qui non seulement am\u00e9liorent la fonctionnalit\u00e9 de votre maison ou de votre projet, mais qui ajoutent \u00e9galement une touche de style unique. <\/span> <\/p>\n<h2><strong>Service complet de vente et d&rsquo;installation \u00e0 Calpe<\/strong><\/h2>\n<p>Chaque client a des besoins sp\u00e9cifiques, c&rsquo;est pourquoi notre approche est totalement personnalis\u00e9e. Nous ne nous contentons pas de vendre des fen\u00eatres et des portes, nous nous occupons \u00e9galement de l&rsquo;ensemble du processus d&rsquo;installation, en veillant \u00e0 ce que le r\u00e9sultat soit parfait. <\/p>\n<p>Notre \u00e9quipe d&rsquo;experts vous guidera pas \u00e0 pas, depuis le choix du design et des mat\u00e9riaux jusqu&rsquo;\u00e0 l&rsquo;installation finale. Que vous recherchiez un style contemporain, minimaliste ou traditionnel, nous vous proposons un large \u00e9ventail d&rsquo;options pour r\u00e9pondre \u00e0 vos attentes. De plus, nous vous garantissons un service fluide et efficace, afin que vous puissiez profiter de votre projet d\u00e8s le d\u00e9but.  <\/p>\n<h3><strong>Fen\u00eatres sur mesure \u00e0 Calpe et dans les environs<\/strong><\/h3>\n<p>Chez <strong>Unave<\/strong>, nous concevons des <a href=\"https:\/\/unave.es\/fr\/produits\/fenetres\/\">fen\u00eatres sur mesure<\/a> qui s&rsquo;int\u00e8grent parfaitement \u00e0 chaque espace, garantissant \u00e0 la fois la fonctionnalit\u00e9 et l&rsquo;esth\u00e9tique.<\/p>\n<p><strong>Qualit\u00e9 et conception sur mesure<\/strong><\/p>\n<p>Nous travaillons avec des marques de premier plan telles que <a href=\"https:\/\/www.finstral.com\/es\/home\/1-0.html\"><strong>Finstral<\/strong><\/a> y <a href=\"https:\/\/www.technal.com\/es\/es\/profesional\/\"><strong>Technal<\/strong><\/a>qui sont r\u00e9put\u00e9es pour leur qualit\u00e9 et leur durabilit\u00e9. Ces alliances nous permettent d&rsquo;offrir une vari\u00e9t\u00e9 de styles et de mat\u00e9riaux, de l&rsquo;aluminium au PVC en passant par des combinaisons innovantes, id\u00e9ales pour tout type de projet. Chaque fen\u00eatre que nous fabriquons est con\u00e7ue avec pr\u00e9cision, ce qui garantit un ajustement parfait et une finition impeccable.  <\/p>\n<p><strong>Engagement pour l&rsquo;environnement : Hydro CIRCAL<\/strong><\/p>\n<p>Chez Unave, nous nous engageons \u00e9galement en faveur de la durabilit\u00e9. L&rsquo;un de nos principaux facteurs de diff\u00e9renciation est l&rsquo;utilisation de l&rsquo;<strong>Hydro CIRCAL<\/strong>, un mat\u00e9riau en aluminium recycl\u00e9 contenant au moins 75 % de mati\u00e8res recycl\u00e9es. Cet aluminium a une empreinte carbone nettement plus faible, avec seulement <strong>1,86 kg de CO\u2082 par kilo de mat\u00e9riau<\/strong>, ce qui contribue \u00e0 r\u00e9duire l&rsquo;impact sur l&rsquo;environnement sans compromettre la qualit\u00e9 ou le design.  <\/p>\n<h3><strong><img loading=\"lazy\" decoding=\"async\" class=\"alignnone wp-image-8855 size-full\" src=\"https:\/\/unave.es\/wp-content\/uploads\/2024\/12\/ventanas-puertas-calpe.jpg\" alt=\"fen\u00eatres portes calpe\" width=\"1000\" height=\"500\" srcset=\"https:\/\/unave.es\/wp-content\/uploads\/2024\/12\/ventanas-puertas-calpe.jpg 1000w, https:\/\/unave.es\/wp-content\/uploads\/2024\/12\/ventanas-puertas-calpe-300x150.jpg 300w, https:\/\/unave.es\/wp-content\/uploads\/2024\/12\/ventanas-puertas-calpe-768x384.jpg 768w, https:\/\/unave.es\/wp-content\/uploads\/2024\/12\/ventanas-puertas-calpe-600x300.jpg 600w, https:\/\/unave.es\/wp-content\/uploads\/2024\/12\/ventanas-puertas-calpe-1x1.jpg 1w, https:\/\/unave.es\/wp-content\/uploads\/2024\/12\/ventanas-puertas-calpe-10x5.jpg 10w\" sizes=\"auto, (max-width: 1000px) 100vw, 1000px\" \/><\/strong><\/h3>\n<h3><strong>Des portes \u00e0 Calpe qui allient s\u00e9curit\u00e9 et style<\/strong><\/h3>\n<p>Les portes sont la premi\u00e8re impression de tout espace et un \u00e9l\u00e9ment essentiel pour assurer la s\u00e9curit\u00e9. Chez <strong>Unave<\/strong>, nous proposons une large gamme de portes ext\u00e9rieures et int\u00e9rieures, con\u00e7ues pour r\u00e9pondre aux normes les plus strictes en termes de r\u00e9sistance, de design et de fonctionnalit\u00e9. <\/p>\n<p><strong>Des portes d&rsquo;entr\u00e9e qui inspirent confiance<\/strong><\/p>\n<p>Nos portes d&rsquo;entr\u00e9e allient robustesse et esth\u00e9tique. Fabriqu\u00e9es avec des mat\u00e9riaux de haute qualit\u00e9 tels que l&rsquo;aluminium ou des combinaisons de bois et de verre, elles sont \u00e9quip\u00e9es de syst\u00e8mes de fermeture multipoints et de serrures de pointe. Nous travaillons avec des marques telles que <strong>Finstral<\/strong> et <strong>Technal<\/strong>, ce qui garantit non seulement une excellente s\u00e9curit\u00e9, mais aussi des designs modernes et personnalisables qui s&rsquo;adaptent \u00e0 tous les styles architecturaux.  <\/p>\n<p><strong>Portes int\u00e9rieures durables et polyvalentes<\/strong><\/p>\n<p>Dans le domaine des portes int\u00e9rieures, nous vous proposons les options <strong>Strugal<\/strong>, fabriqu\u00e9es en aluminium, un mat\u00e9riau id\u00e9al pour sa r\u00e9sistance et son faible entretien. Ces portes sont hautement personnalisables et sont con\u00e7ues pour unifier l&rsquo;esth\u00e9tique de votre maison, en cr\u00e9ant une harmonie avec les fen\u00eatres, les fa\u00e7ades d&rsquo;armoires et les plinthes. Leur design moderne et \u00e9l\u00e9gant est parfait pour ceux qui recherchent une touche sophistiqu\u00e9e dans tous les coins de leur maison.  <\/p>\n<h3><strong>Efficacit\u00e9 \u00e9nerg\u00e9tique et s\u00e9curit\u00e9 garanties<\/strong><\/h3>\n<p>Les fen\u00eatres et les portes que nous installons chez <strong>Unave<\/strong> sont con\u00e7ues pour votre confort et votre tranquillit\u00e9 d&rsquo;esprit.<\/p>\n<p><strong>\u00c9conomie d&rsquo;\u00e9nergie<\/strong><\/p>\n<p>Gr\u00e2ce \u00e0 des mat\u00e9riaux de haute qualit\u00e9 et \u00e0 des conceptions innovantes, nos solutions offrent une excellente isolation thermique. Cela signifie que votre maison reste fra\u00eeche en \u00e9t\u00e9 et chaude en hiver, ce qui r\u00e9duit consid\u00e9rablement la consommation d&rsquo;\u00e9nergie. En plus d&rsquo;\u00eatre bon pour votre portefeuille, cela contribue \u00e9galement \u00e0 la protection de l&rsquo;environnement.  <\/p>\n<p><strong>Protection avanc\u00e9e<\/strong><\/p>\n<p>La s\u00e9curit\u00e9 est une priorit\u00e9. Toutes nos portes et fen\u00eatres sont \u00e9quip\u00e9es de technologies modernes, telles que des serrures robustes et des m\u00e9canismes de verrouillage multipoints, qui offrent une protection suppl\u00e9mentaire contre les tentatives d&rsquo;intrusion. Nous savons \u00e0 quel point il est important de se sentir en s\u00e9curit\u00e9 dans sa maison, c&rsquo;est pourquoi nous accordons une attention particuli\u00e8re \u00e0 chaque d\u00e9tail.  <\/p>\n<h2><strong>Pourquoi choisir Unave pour vos fen\u00eatres et portes \u00e0 Calpe ?<\/strong><\/h2>\n<p>Choisir Unave, c&rsquo;est choisir une entreprise qui allie exp\u00e9rience, innovation et v\u00e9ritable engagement de qualit\u00e9. Ce sont quelques-unes des raisons pour lesquelles nos clients nous pr\u00e9f\u00e8rent : <\/p>\n<ul>\n<li><strong>Qualit\u00e9 sup\u00e9rieure :<\/strong> nous travaillons avec les meilleures marques et les meilleurs mat\u00e9riaux du march\u00e9, ce qui garantit des produits qui restent en parfait \u00e9tat pendant des ann\u00e9es.<\/li>\n<li><strong>Personnalisation :<\/strong> chaque projet est unique. Nous nous adaptons \u00e0 vos pr\u00e9f\u00e9rences et \u00e0 vos besoins pour vous proposer des solutions sur mesure. <\/li>\n<li><strong>Le souci du d\u00e9tail :<\/strong> De la conception \u00e0 l&rsquo;installation, nous prenons soin de chaque aspect pour garantir des r\u00e9sultats qui d\u00e9passent vos attentes.<\/li>\n<li><strong>Durabilit\u00e9 :<\/strong> nous utilisons des mat\u00e9riaux recycl\u00e9s et des processus responsables pour minimiser notre impact sur l&rsquo;environnement.<\/li>\n<li><strong>Innovation constante :<\/strong> nous utilisons les technologies les plus r\u00e9centes pour proposer des produits modernes et hautement fonctionnels.<\/li>\n<\/ul>\n<h2><strong>Contactez nous aujourd&rsquo;hui<\/strong><\/h2>\n<p>Si vous cherchez des fen\u00eatres et des portes \u00e0 Calpe qui allient design, fonctionnalit\u00e9 et efficacit\u00e9, chez <strong>Unave<\/strong> nous sommes pr\u00eats \u00e0 vous aider. Notre \u00e9quipe de professionnels est pr\u00eate \u00e0 vous offrir un service complet et personnalis\u00e9, de la planification \u00e0 l&rsquo;installation finale. N&rsquo;attendez plus pour transformer vos espaces, <strong><a href=\"https:\/\/unave.es\/fr\/contact\/\">contactez-nous<\/a> d\u00e8s aujourd&rsquo;hui et d\u00e9couvrez tout ce que nous pouvons faire pour vous !<\/strong>  <\/p>\n","protected":false},"excerpt":{"rendered":"<p>Lorsqu&rsquo;il s&rsquo;agit de r\u00e9nover ou de construire un espace, le choix des fen\u00eatres et des portes est essentiel pour garantir&#8230;<\/p>\n","protected":false},"author":1,"featured_media":0,"comment_status":"closed","ping_status":"closed","sticky":false,"template":"","format":"standard","meta":{"_monsterinsights_skip_tracking":false,"_monsterinsights_sitenote_active":false,"_monsterinsights_sitenote_note":"","_monsterinsights_sitenote_category":0,"footnotes":""},"categories":[81],"tags":[],"class_list":["post-9756","post","type-post","status-publish","format-standard","hentry","category-non-categorise"],"yoast_head":"<!-- This site is optimized with the Yoast SEO plugin v26.8 - https:\/\/yoast.com\/product\/yoast-seo-wordpress\/ -->\n<title>Fen\u00eatres et portes \u00e0 Calpe : Vente et installation : Unave<\/title>\n<meta name=\"description\" content=\"Les meilleures fen\u00eatres et portes \u00e0 Calpe | Qualit\u00e9 et isolation maximales | Large gamme d&#039;options et de marques | Contact sans engagement\" \/>\n<meta name=\"robots\" content=\"index, follow, max-snippet:-1, max-image-preview:large, max-video-preview:-1\" \/>\n<link rel=\"canonical\" href=\"https:\/\/unave.es\/fr\/non-categorise\/fenetres-et-portes-a-calpe-le-meilleur-pour-vos-espaces\/\" \/>\n<meta property=\"og:locale\" content=\"fr_FR\" \/>\n<meta property=\"og:type\" content=\"article\" \/>\n<meta property=\"og:title\" content=\"Fen\u00eatres et portes \u00e0 Calpe : Vente et installation : Unave\" \/>\n<meta property=\"og:description\" content=\"Les meilleures fen\u00eatres et portes \u00e0 Calpe | Qualit\u00e9 et isolation maximales | Large gamme d&#039;options et de marques | Contact sans engagement\" \/>\n<meta property=\"og:url\" content=\"https:\/\/unave.es\/fr\/non-categorise\/fenetres-et-portes-a-calpe-le-meilleur-pour-vos-espaces\/\" \/>\n<meta property=\"og:site_name\" content=\"Unave\" \/>\n<meta property=\"article:published_time\" content=\"2024-12-30T12:37:46+00:00\" \/>\n<meta property=\"og:image\" content=\"https:\/\/unave.es\/wp-content\/uploads\/2024\/12\/ventanas-y-puertas-calpe.jpg\" \/>\n\t<meta property=\"og:image:width\" content=\"1000\" \/>\n\t<meta property=\"og:image:height\" content=\"500\" \/>\n\t<meta property=\"og:image:type\" content=\"image\/jpeg\" \/>\n<meta name=\"author\" content=\"unave\" \/>\n<meta name=\"twitter:card\" content=\"summary_large_image\" \/>\n<meta name=\"twitter:label1\" content=\"\u00c9crit par\" \/>\n\t<meta name=\"twitter:data1\" content=\"unave\" \/>\n\t<meta name=\"twitter:label2\" content=\"Dur\u00e9e de lecture estim\u00e9e\" \/>\n\t<meta name=\"twitter:data2\" content=\"5 minutes\" \/>\n<script type=\"application\/ld+json\" class=\"yoast-schema-graph\">{\"@context\":\"https:\/\/schema.org\",\"@graph\":[{\"@type\":\"Article\",\"@id\":\"https:\/\/unave.es\/fr\/non-categorise\/fenetres-et-portes-a-calpe-le-meilleur-pour-vos-espaces\/#article\",\"isPartOf\":{\"@id\":\"https:\/\/unave.es\/fr\/non-categorise\/fenetres-et-portes-a-calpe-le-meilleur-pour-vos-espaces\/\"},\"author\":{\"name\":\"unave\",\"@id\":\"https:\/\/unave.es\/fr\/#\/schema\/person\/64519cf7915384e41da0638fdfb94845\"},\"headline\":\"Fen\u00eatres et portes \u00e0 Calpe : le meilleur pour vos espaces\",\"datePublished\":\"2024-12-30T12:37:46+00:00\",\"mainEntityOfPage\":{\"@id\":\"https:\/\/unave.es\/fr\/non-categorise\/fenetres-et-portes-a-calpe-le-meilleur-pour-vos-espaces\/\"},\"wordCount\":1069,\"image\":{\"@id\":\"https:\/\/unave.es\/fr\/non-categorise\/fenetres-et-portes-a-calpe-le-meilleur-pour-vos-espaces\/#primaryimage\"},\"thumbnailUrl\":\"https:\/\/unave.es\/wp-content\/uploads\/2024\/12\/ventanas-puertas-calpe.jpg\",\"articleSection\":[\"Non cat\u00e9goris\u00e9\"],\"inLanguage\":\"fr-FR\"},{\"@type\":\"WebPage\",\"@id\":\"https:\/\/unave.es\/fr\/non-categorise\/fenetres-et-portes-a-calpe-le-meilleur-pour-vos-espaces\/\",\"url\":\"https:\/\/unave.es\/fr\/non-categorise\/fenetres-et-portes-a-calpe-le-meilleur-pour-vos-espaces\/\",\"name\":\"Fen\u00eatres et portes \u00e0 Calpe : Vente et installation : Unave\",\"isPartOf\":{\"@id\":\"https:\/\/unave.es\/fr\/#website\"},\"primaryImageOfPage\":{\"@id\":\"https:\/\/unave.es\/fr\/non-categorise\/fenetres-et-portes-a-calpe-le-meilleur-pour-vos-espaces\/#primaryimage\"},\"image\":{\"@id\":\"https:\/\/unave.es\/fr\/non-categorise\/fenetres-et-portes-a-calpe-le-meilleur-pour-vos-espaces\/#primaryimage\"},\"thumbnailUrl\":\"https:\/\/unave.es\/wp-content\/uploads\/2024\/12\/ventanas-puertas-calpe.jpg\",\"datePublished\":\"2024-12-30T12:37:46+00:00\",\"author\":{\"@id\":\"https:\/\/unave.es\/fr\/#\/schema\/person\/64519cf7915384e41da0638fdfb94845\"},\"description\":\"Les meilleures fen\u00eatres et portes \u00e0 Calpe | Qualit\u00e9 et isolation maximales | Large gamme d'options et de marques | Contact sans engagement\",\"breadcrumb\":{\"@id\":\"https:\/\/unave.es\/fr\/non-categorise\/fenetres-et-portes-a-calpe-le-meilleur-pour-vos-espaces\/#breadcrumb\"},\"inLanguage\":\"fr-FR\",\"potentialAction\":[{\"@type\":\"ReadAction\",\"target\":[\"https:\/\/unave.es\/fr\/non-categorise\/fenetres-et-portes-a-calpe-le-meilleur-pour-vos-espaces\/\"]}]},{\"@type\":\"ImageObject\",\"inLanguage\":\"fr-FR\",\"@id\":\"https:\/\/unave.es\/fr\/non-categorise\/fenetres-et-portes-a-calpe-le-meilleur-pour-vos-espaces\/#primaryimage\",\"url\":\"https:\/\/unave.es\/wp-content\/uploads\/2024\/12\/ventanas-puertas-calpe.jpg\",\"contentUrl\":\"https:\/\/unave.es\/wp-content\/uploads\/2024\/12\/ventanas-puertas-calpe.jpg\"},{\"@type\":\"BreadcrumbList\",\"@id\":\"https:\/\/unave.es\/fr\/non-categorise\/fenetres-et-portes-a-calpe-le-meilleur-pour-vos-espaces\/#breadcrumb\",\"itemListElement\":[{\"@type\":\"ListItem\",\"position\":1,\"name\":\"Portada\",\"item\":\"https:\/\/unave.es\/fr\/\"},{\"@type\":\"ListItem\",\"position\":2,\"name\":\"Fen\u00eatres et portes \u00e0 Calpe : le meilleur pour vos espaces\"}]},{\"@type\":\"WebSite\",\"@id\":\"https:\/\/unave.es\/fr\/#website\",\"url\":\"https:\/\/unave.es\/fr\/\",\"name\":\"Unave\",\"description\":\"\",\"potentialAction\":[{\"@type\":\"SearchAction\",\"target\":{\"@type\":\"EntryPoint\",\"urlTemplate\":\"https:\/\/unave.es\/fr\/?s={search_term_string}\"},\"query-input\":{\"@type\":\"PropertyValueSpecification\",\"valueRequired\":true,\"valueName\":\"search_term_string\"}}],\"inLanguage\":\"fr-FR\"},{\"@type\":\"Person\",\"@id\":\"https:\/\/unave.es\/fr\/#\/schema\/person\/64519cf7915384e41da0638fdfb94845\",\"name\":\"unave\",\"image\":{\"@type\":\"ImageObject\",\"inLanguage\":\"fr-FR\",\"@id\":\"https:\/\/unave.es\/fr\/#\/schema\/person\/image\/\",\"url\":\"https:\/\/secure.gravatar.com\/avatar\/a3a032203e7cbaf21b3c6f5e9135603d87fad529539970087ce6822a70d75320?s=96&d=mm&r=g\",\"contentUrl\":\"https:\/\/secure.gravatar.com\/avatar\/a3a032203e7cbaf21b3c6f5e9135603d87fad529539970087ce6822a70d75320?s=96&d=mm&r=g\",\"caption\":\"unave\"},\"sameAs\":[\"https:\/\/unave.es\"]}]}<\/script>\n<!-- \/ Yoast SEO plugin. -->","yoast_head_json":{"title":"Fen\u00eatres et portes \u00e0 Calpe : Vente et installation : Unave","description":"Les meilleures fen\u00eatres et portes \u00e0 Calpe | Qualit\u00e9 et isolation maximales | Large gamme d'options et de marques | Contact sans engagement","robots":{"index":"index","follow":"follow","max-snippet":"max-snippet:-1","max-image-preview":"max-image-preview:large","max-video-preview":"max-video-preview:-1"},"canonical":"https:\/\/unave.es\/fr\/non-categorise\/fenetres-et-portes-a-calpe-le-meilleur-pour-vos-espaces\/","og_locale":"fr_FR","og_type":"article","og_title":"Fen\u00eatres et portes \u00e0 Calpe : Vente et installation : Unave","og_description":"Les meilleures fen\u00eatres et portes \u00e0 Calpe | Qualit\u00e9 et isolation maximales | Large gamme d'options et de marques | Contact sans engagement","og_url":"https:\/\/unave.es\/fr\/non-categorise\/fenetres-et-portes-a-calpe-le-meilleur-pour-vos-espaces\/","og_site_name":"Unave","article_published_time":"2024-12-30T12:37:46+00:00","og_image":[{"width":1000,"height":500,"url":"https:\/\/unave.es\/wp-content\/uploads\/2024\/12\/ventanas-y-puertas-calpe.jpg","type":"image\/jpeg"}],"author":"unave","twitter_card":"summary_large_image","twitter_misc":{"\u00c9crit par":"unave","Dur\u00e9e de lecture estim\u00e9e":"5 minutes"},"schema":{"@context":"https:\/\/schema.org","@graph":[{"@type":"Article","@id":"https:\/\/unave.es\/fr\/non-categorise\/fenetres-et-portes-a-calpe-le-meilleur-pour-vos-espaces\/#article","isPartOf":{"@id":"https:\/\/unave.es\/fr\/non-categorise\/fenetres-et-portes-a-calpe-le-meilleur-pour-vos-espaces\/"},"author":{"name":"unave","@id":"https:\/\/unave.es\/fr\/#\/schema\/person\/64519cf7915384e41da0638fdfb94845"},"headline":"Fen\u00eatres et portes \u00e0 Calpe : le meilleur pour vos espaces","datePublished":"2024-12-30T12:37:46+00:00","mainEntityOfPage":{"@id":"https:\/\/unave.es\/fr\/non-categorise\/fenetres-et-portes-a-calpe-le-meilleur-pour-vos-espaces\/"},"wordCount":1069,"image":{"@id":"https:\/\/unave.es\/fr\/non-categorise\/fenetres-et-portes-a-calpe-le-meilleur-pour-vos-espaces\/#primaryimage"},"thumbnailUrl":"https:\/\/unave.es\/wp-content\/uploads\/2024\/12\/ventanas-puertas-calpe.jpg","articleSection":["Non cat\u00e9goris\u00e9"],"inLanguage":"fr-FR"},{"@type":"WebPage","@id":"https:\/\/unave.es\/fr\/non-categorise\/fenetres-et-portes-a-calpe-le-meilleur-pour-vos-espaces\/","url":"https:\/\/unave.es\/fr\/non-categorise\/fenetres-et-portes-a-calpe-le-meilleur-pour-vos-espaces\/","name":"Fen\u00eatres et portes \u00e0 Calpe : Vente et installation : Unave","isPartOf":{"@id":"https:\/\/unave.es\/fr\/#website"},"primaryImageOfPage":{"@id":"https:\/\/unave.es\/fr\/non-categorise\/fenetres-et-portes-a-calpe-le-meilleur-pour-vos-espaces\/#primaryimage"},"image":{"@id":"https:\/\/unave.es\/fr\/non-categorise\/fenetres-et-portes-a-calpe-le-meilleur-pour-vos-espaces\/#primaryimage"},"thumbnailUrl":"https:\/\/unave.es\/wp-content\/uploads\/2024\/12\/ventanas-puertas-calpe.jpg","datePublished":"2024-12-30T12:37:46+00:00","author":{"@id":"https:\/\/unave.es\/fr\/#\/schema\/person\/64519cf7915384e41da0638fdfb94845"},"description":"Les meilleures fen\u00eatres et portes \u00e0 Calpe | Qualit\u00e9 et isolation maximales | Large gamme d'options et de marques | Contact sans engagement","breadcrumb":{"@id":"https:\/\/unave.es\/fr\/non-categorise\/fenetres-et-portes-a-calpe-le-meilleur-pour-vos-espaces\/#breadcrumb"},"inLanguage":"fr-FR","potentialAction":[{"@type":"ReadAction","target":["https:\/\/unave.es\/fr\/non-categorise\/fenetres-et-portes-a-calpe-le-meilleur-pour-vos-espaces\/"]}]},{"@type":"ImageObject","inLanguage":"fr-FR","@id":"https:\/\/unave.es\/fr\/non-categorise\/fenetres-et-portes-a-calpe-le-meilleur-pour-vos-espaces\/#primaryimage","url":"https:\/\/unave.es\/wp-content\/uploads\/2024\/12\/ventanas-puertas-calpe.jpg","contentUrl":"https:\/\/unave.es\/wp-content\/uploads\/2024\/12\/ventanas-puertas-calpe.jpg"},{"@type":"BreadcrumbList","@id":"https:\/\/unave.es\/fr\/non-categorise\/fenetres-et-portes-a-calpe-le-meilleur-pour-vos-espaces\/#breadcrumb","itemListElement":[{"@type":"ListItem","position":1,"name":"Portada","item":"https:\/\/unave.es\/fr\/"},{"@type":"ListItem","position":2,"name":"Fen\u00eatres et portes \u00e0 Calpe : le meilleur pour vos espaces"}]},{"@type":"WebSite","@id":"https:\/\/unave.es\/fr\/#website","url":"https:\/\/unave.es\/fr\/","name":"Unave","description":"","potentialAction":[{"@type":"SearchAction","target":{"@type":"EntryPoint","urlTemplate":"https:\/\/unave.es\/fr\/?s={search_term_string}"},"query-input":{"@type":"PropertyValueSpecification","valueRequired":true,"valueName":"search_term_string"}}],"inLanguage":"fr-FR"},{"@type":"Person","@id":"https:\/\/unave.es\/fr\/#\/schema\/person\/64519cf7915384e41da0638fdfb94845","name":"unave","image":{"@type":"ImageObject","inLanguage":"fr-FR","@id":"https:\/\/unave.es\/fr\/#\/schema\/person\/image\/","url":"https:\/\/secure.gravatar.com\/avatar\/a3a032203e7cbaf21b3c6f5e9135603d87fad529539970087ce6822a70d75320?s=96&d=mm&r=g","contentUrl":"https:\/\/secure.gravatar.com\/avatar\/a3a032203e7cbaf21b3c6f5e9135603d87fad529539970087ce6822a70d75320?s=96&d=mm&r=g","caption":"unave"},"sameAs":["https:\/\/unave.es"]}]}},"_links":{"self":[{"href":"https:\/\/unave.es\/fr\/wp-json\/wp\/v2\/posts\/9756","targetHints":{"allow":["GET"]}}],"collection":[{"href":"https:\/\/unave.es\/fr\/wp-json\/wp\/v2\/posts"}],"about":[{"href":"https:\/\/unave.es\/fr\/wp-json\/wp\/v2\/types\/post"}],"author":[{"embeddable":true,"href":"https:\/\/unave.es\/fr\/wp-json\/wp\/v2\/users\/1"}],"replies":[{"embeddable":true,"href":"https:\/\/unave.es\/fr\/wp-json\/wp\/v2\/comments?post=9756"}],"version-history":[{"count":0,"href":"https:\/\/unave.es\/fr\/wp-json\/wp\/v2\/posts\/9756\/revisions"}],"wp:attachment":[{"href":"https:\/\/unave.es\/fr\/wp-json\/wp\/v2\/media?parent=9756"}],"wp:term":[{"taxonomy":"category","embeddable":true,"href":"https:\/\/unave.es\/fr\/wp-json\/wp\/v2\/categories?post=9756"},{"taxonomy":"post_tag","embeddable":true,"href":"https:\/\/unave.es\/fr\/wp-json\/wp\/v2\/tags?post=9756"}],"curies":[{"name":"wp","href":"https:\/\/api.w.org\/{rel}","templated":true}]}}