{"id":9740,"date":"2025-04-17T13:49:33","date_gmt":"2025-04-17T11:49:33","guid":{"rendered":"https:\/\/unave.es\/non-categorise\/fenetres-a-altea-pour-tous-les-besoins\/"},"modified":"2026-01-22T09:41:23","modified_gmt":"2026-01-22T08:41:23","slug":"fenetres-a-altea-pour-tous-les-besoins","status":"publish","type":"post","link":"https:\/\/unave.es\/fr\/non-categorise\/fenetres-a-altea-pour-tous-les-besoins\/","title":{"rendered":"Fen\u00eatres \u00e0 Altea : pour tous les besoins"},"content":{"rendered":"\n<p>Vous envisagez de changer vos fen\u00eatres \u00e0 Altea ou vous avez besoin de conseils pour un nouveau projet ? Chez Unave, nous sommes passionn\u00e9s par la transformation des espaces avec des solutions qui font la diff\u00e9rence. Nous ne parlons pas seulement de fen\u00eatres : nous parlons d&rsquo;isolation, de confort, de design et d&rsquo;efficacit\u00e9. Nous travaillons avec des fournisseurs de premier plan tels que <a href=\"https:\/\/www.finstral.com\/es\/home\/1-0.html\">Finstral<\/a>, <a href=\"https:\/\/www.technal.com\/\">Technal<\/a> et <a href=\"https:\/\/www.velux.es\/?utm_source=google&amp;utm_medium=cpc&amp;utm_campaign=brand&amp;gad_source=1&amp;gclid=Cj0KCQjwzYLABhD4ARIsALySuCQlr8p5NfZ2FIHJTdgGkv5E1SdNNi-eQuOkWXEPLqv9igq06fLC4DcaAtT3EALw_wcB\">Velux<\/a> pour vous offrir des produits qui allient fonctionnalit\u00e9, esth\u00e9tique et durabilit\u00e9. Parce que nous savons que de bonnes <strong>fen\u00eatres \u00e0 Altea<\/strong> ne font pas qu&#8217;embellir votre maison, elles la rendent aussi plus habitable tout au long de l&rsquo;ann\u00e9e.    <\/p>\n\n<h2 class=\"wp-block-heading\">Que pouvons-nous vous offrir chez Unave ?<\/h2>\n\n<p>Chez Unave, nous vous offrons un service complet et totalement personnalis\u00e9. Nous vous conseillons d\u00e8s le premier instant, nous vous aidons \u00e0 choisir l&rsquo;option qui convient le mieux \u00e0 vos besoins et \u00e0 votre style, et nous nous chargeons d&rsquo;une installation professionnelle qui garantit un r\u00e9sultat impeccable. Notre objectif est que vous n&rsquo;ayez \u00e0 vous soucier de rien.  <\/p>\n\n<p>En outre, nous ne travaillons qu&rsquo;avec des marques de premier ordre. Cela nous permet de proposer des fen\u00eatres qui ne sont pas seulement esth\u00e9tiques, mais qui r\u00e9pondent \u00e9galement aux normes les plus strictes en mati\u00e8re d&rsquo;efficacit\u00e9 \u00e9nerg\u00e9tique, d&rsquo;isolation thermique et acoustique, de s\u00e9curit\u00e9 et de r\u00e9sistance. Nous vous en disons un peu plus sur nos principaux fournisseurs.  <\/p>\n\n<h2 class=\"wp-block-heading\">Finstral : Des fen\u00eatres qui ont tout pour plaire<\/h2>\n\n<p>Finstral est synonyme d&rsquo;innovation. Ses fen\u00eatres sont con\u00e7ues pour offrir une isolation maximale, m\u00eame dans des zones au climat exigeant comme Altea, o\u00f9 le soleil, l&rsquo;humidit\u00e9 ou le vent peuvent \u00eatre des facteurs \u00e0 prendre en compte. Gr\u00e2ce \u00e0 son noyau en PVC et aux multiples options de rev\u00eatement, vous pouvez obtenir un design personnalis\u00e9 sans sacrifier les performances.  <\/p>\n\n<p>Les fen\u00eatres Finstral sont parfaites pour ceux qui recherchent une maison confortable, durable et \u00e9l\u00e9gante.<\/p>\n\n<figure class=\"wp-block-image size-full\"><img loading=\"lazy\" decoding=\"async\" width=\"1000\" height=\"500\" src=\"https:\/\/unave.es\/wp-content\/uploads\/2025\/04\/ventanas-javea2-1.jpg\" alt=\"\" class=\"wp-image-8877\" srcset=\"https:\/\/unave.es\/wp-content\/uploads\/2025\/04\/ventanas-javea2-1.jpg 1000w, https:\/\/unave.es\/wp-content\/uploads\/2025\/04\/ventanas-javea2-1-300x150.jpg 300w, https:\/\/unave.es\/wp-content\/uploads\/2025\/04\/ventanas-javea2-1-768x384.jpg 768w, https:\/\/unave.es\/wp-content\/uploads\/2025\/04\/ventanas-javea2-1-600x300.jpg 600w, https:\/\/unave.es\/wp-content\/uploads\/2025\/04\/ventanas-javea2-1-1x1.jpg 1w, https:\/\/unave.es\/wp-content\/uploads\/2025\/04\/ventanas-javea2-1-10x5.jpg 10w\" sizes=\"auto, (max-width: 1000px) 100vw, 1000px\" \/><\/figure>\n\n<h2 class=\"wp-block-heading\">Technal : El\u00e9gance et minimalisme en aluminium<\/h2>\n\n<p>Sp\u00e9cialistes des syst\u00e8mes en aluminium haut de gamme, ils offrent des solutions robustes, s\u00fbres et d&rsquo;une esth\u00e9tique spectaculaire. Id\u00e9al pour les maisons modernes, les villas et les projets architecturaux ambitieux. <\/p>\n\n<p>Chez Unave, nous travaillons avec les lignes Technal les plus avanc\u00e9es pour que vous puissiez profiter de fen\u00eatres \u00e0 Altea avec les meilleures performances et le meilleur design.<\/p>\n\n<figure class=\"wp-block-image size-full\"><img loading=\"lazy\" decoding=\"async\" width=\"1000\" height=\"500\" src=\"https:\/\/unave.es\/wp-content\/uploads\/2025\/04\/ventanas-javea3-1.jpg\" alt=\"\" class=\"wp-image-8878\" srcset=\"https:\/\/unave.es\/wp-content\/uploads\/2025\/04\/ventanas-javea3-1.jpg 1000w, https:\/\/unave.es\/wp-content\/uploads\/2025\/04\/ventanas-javea3-1-300x150.jpg 300w, https:\/\/unave.es\/wp-content\/uploads\/2025\/04\/ventanas-javea3-1-768x384.jpg 768w, https:\/\/unave.es\/wp-content\/uploads\/2025\/04\/ventanas-javea3-1-600x300.jpg 600w, https:\/\/unave.es\/wp-content\/uploads\/2025\/04\/ventanas-javea3-1-1x1.jpg 1w, https:\/\/unave.es\/wp-content\/uploads\/2025\/04\/ventanas-javea3-1-10x5.jpg 10w\" sizes=\"auto, (max-width: 1000px) 100vw, 1000px\" \/><\/figure>\n\n<h2 class=\"wp-block-heading\">Velux : Lumi\u00e8re naturelle provenant du toit<\/h2>\n\n<p>Et s&rsquo;il s&rsquo;agit de combles, de greniers ou de pi\u00e8ces sous le toit, il n&rsquo;y a pas de meilleure option que les fen\u00eatres de toit Velux. Ces fen\u00eatres sont con\u00e7ues pour remplir votre maison de lumi\u00e8re et d&rsquo;air frais, m\u00eame dans les espaces les plus difficiles. <\/p>\n\n<p>Les fen\u00eatres Velux sont une solution pratique, esth\u00e9tique et tr\u00e8s efficace pour les maisons \u00e0 Altea qui cherchent \u00e0 tirer le meilleur parti de la lumi\u00e8re naturelle et \u00e0 am\u00e9liorer la ventilation.<\/p>\n\n<figure class=\"wp-block-image size-full\"><img loading=\"lazy\" decoding=\"async\" width=\"1000\" height=\"500\" src=\"https:\/\/unave.es\/wp-content\/uploads\/2025\/04\/ventanas-javea-1.jpg\" alt=\"\" class=\"wp-image-8879\" srcset=\"https:\/\/unave.es\/wp-content\/uploads\/2025\/04\/ventanas-javea-1.jpg 1000w, https:\/\/unave.es\/wp-content\/uploads\/2025\/04\/ventanas-javea-1-300x150.jpg 300w, https:\/\/unave.es\/wp-content\/uploads\/2025\/04\/ventanas-javea-1-768x384.jpg 768w, https:\/\/unave.es\/wp-content\/uploads\/2025\/04\/ventanas-javea-1-600x300.jpg 600w, https:\/\/unave.es\/wp-content\/uploads\/2025\/04\/ventanas-javea-1-1x1.jpg 1w, https:\/\/unave.es\/wp-content\/uploads\/2025\/04\/ventanas-javea-1-10x5.jpg 10w\" sizes=\"auto, (max-width: 1000px) 100vw, 1000px\" \/><\/figure>\n\n<h2 class=\"wp-block-heading\">Pourquoi Unave ?<\/h2>\n\n<p>Parce que nous aimons bien faire les choses. Nous ne nous contentons pas de vendre des fen\u00eatres, nous les installons, les int\u00e9grons et les adaptons \u00e0 chaque espace. Notre \u00e9quipe de professionnels vous accompagne tout au long du processus, du choix des mat\u00e9riaux aux finitions. Qu&rsquo;il s&rsquo;agisse d&rsquo;une r\u00e9novation partielle, d&rsquo;une r\u00e9novation compl\u00e8te ou d&rsquo;une nouvelle construction.   <\/p>\n\n<p>Nous sommes des sp\u00e9cialistes des fen\u00eatres \u00e0 Altea, nous connaissons l&rsquo;environnement, le climat, les styles architecturaux de la r\u00e9gion&#8230; et ce dont votre maison a vraiment besoin pour gagner en efficacit\u00e9, en confort et en esth\u00e9tique.<\/p>\n\n<h2 class=\"wp-block-heading\">Votre maison m\u00e9rite le meilleur<\/h2>\n\n<p>Changer ou installer des fen\u00eatres est une d\u00e9cision importante. Il ne s&rsquo;agit pas seulement d&rsquo;une question d&rsquo;esth\u00e9tique : il s&rsquo;agit d&rsquo;am\u00e9liorer l&rsquo;isolation, de r\u00e9duire les factures d&rsquo;\u00e9nergie, de b\u00e9n\u00e9ficier de plus de lumi\u00e8re naturelle et d&rsquo;accro\u00eetre la s\u00e9curit\u00e9. Chez Unave, nous vous aidons \u00e0 le faire facilement, rapidement et avec toutes les garanties.  <\/p>\n\n<p>\u00cates-vous pr\u00eat \u00e0 franchir le pas ? <a href=\"https:\/\/unave.es\/fr\/contact\/\">Contactez-nous<\/a> et faites-nous part de vos besoins. Nous nous ferons un plaisir de vous conseiller et de vous aider \u00e0 trouver la meilleure solution pour vos fen\u00eatres \u00e0 Altea. <\/p>\n\n<p><\/p>\n","protected":false},"excerpt":{"rendered":"<p>Vous envisagez de changer vos fen\u00eatres \u00e0 Altea ou vous avez besoin de conseils pour un nouveau projet ? Chez&#8230;<\/p>\n","protected":false},"author":1,"featured_media":9730,"comment_status":"open","ping_status":"open","sticky":false,"template":"","format":"standard","meta":{"_monsterinsights_skip_tracking":false,"_monsterinsights_sitenote_active":false,"_monsterinsights_sitenote_note":"","_monsterinsights_sitenote_category":0,"footnotes":""},"categories":[81],"tags":[],"class_list":["post-9740","post","type-post","status-publish","format-standard","has-post-thumbnail","hentry","category-non-categorise"],"yoast_head":"<!-- This site is optimized with the Yoast SEO plugin v26.8 - https:\/\/yoast.com\/product\/yoast-seo-wordpress\/ -->\n<title>Fen\u00eatres \u00e0 Altea | D\u00e9couvrez Unave<\/title>\n<meta name=\"description\" content=\"Qualit\u00e9, design et efficacit\u00e9 pour vos fen\u00eatres \u00e0 Altea \ud83c\udfe1. D\u00e9couvrez tout ce qu&#039;Unave peut faire pour votre maison, cliquez et d\u00e9couvrez-en plus !\" \/>\n<meta name=\"robots\" content=\"index, follow, max-snippet:-1, max-image-preview:large, max-video-preview:-1\" \/>\n<link rel=\"canonical\" href=\"https:\/\/unave.es\/fr\/non-categorise\/fenetres-a-altea-pour-tous-les-besoins\/\" \/>\n<meta property=\"og:locale\" content=\"fr_FR\" \/>\n<meta property=\"og:type\" content=\"article\" \/>\n<meta property=\"og:title\" content=\"Fen\u00eatres \u00e0 Altea | D\u00e9couvrez Unave\" \/>\n<meta property=\"og:description\" content=\"Qualit\u00e9, design et efficacit\u00e9 pour vos fen\u00eatres \u00e0 Altea \ud83c\udfe1. D\u00e9couvrez tout ce qu&#039;Unave peut faire pour votre maison, cliquez et d\u00e9couvrez-en plus !\" \/>\n<meta property=\"og:url\" content=\"https:\/\/unave.es\/fr\/non-categorise\/fenetres-a-altea-pour-tous-les-besoins\/\" \/>\n<meta property=\"og:site_name\" content=\"Unave\" \/>\n<meta property=\"article:published_time\" content=\"2025-04-17T11:49:33+00:00\" \/>\n<meta property=\"article:modified_time\" content=\"2026-01-22T08:41:23+00:00\" \/>\n<meta property=\"og:image\" content=\"https:\/\/unave.es\/wp-content\/uploads\/2025\/04\/Blogs-portada.jpg\" \/>\n\t<meta property=\"og:image:width\" content=\"1000\" \/>\n\t<meta property=\"og:image:height\" content=\"500\" \/>\n\t<meta property=\"og:image:type\" content=\"image\/jpeg\" \/>\n<meta name=\"author\" content=\"unave\" \/>\n<meta name=\"twitter:card\" content=\"summary_large_image\" \/>\n<meta name=\"twitter:label1\" content=\"\u00c9crit par\" \/>\n\t<meta name=\"twitter:data1\" content=\"unave\" \/>\n\t<meta name=\"twitter:label2\" content=\"Dur\u00e9e de lecture estim\u00e9e\" \/>\n\t<meta name=\"twitter:data2\" content=\"3 minutes\" \/>\n<script type=\"application\/ld+json\" class=\"yoast-schema-graph\">{\"@context\":\"https:\/\/schema.org\",\"@graph\":[{\"@type\":\"Article\",\"@id\":\"https:\/\/unave.es\/fr\/non-categorise\/fenetres-a-altea-pour-tous-les-besoins\/#article\",\"isPartOf\":{\"@id\":\"https:\/\/unave.es\/fr\/non-categorise\/fenetres-a-altea-pour-tous-les-besoins\/\"},\"author\":{\"name\":\"unave\",\"@id\":\"https:\/\/unave.es\/fr\/#\/schema\/person\/64519cf7915384e41da0638fdfb94845\"},\"headline\":\"Fen\u00eatres \u00e0 Altea : pour tous les besoins\",\"datePublished\":\"2025-04-17T11:49:33+00:00\",\"dateModified\":\"2026-01-22T08:41:23+00:00\",\"mainEntityOfPage\":{\"@id\":\"https:\/\/unave.es\/fr\/non-categorise\/fenetres-a-altea-pour-tous-les-besoins\/\"},\"wordCount\":728,\"commentCount\":0,\"image\":{\"@id\":\"https:\/\/unave.es\/fr\/non-categorise\/fenetres-a-altea-pour-tous-les-besoins\/#primaryimage\"},\"thumbnailUrl\":\"https:\/\/unave.es\/wp-content\/uploads\/2025\/04\/Blogs-portada.jpg\",\"articleSection\":[\"Non cat\u00e9goris\u00e9\"],\"inLanguage\":\"fr-FR\"},{\"@type\":\"WebPage\",\"@id\":\"https:\/\/unave.es\/fr\/non-categorise\/fenetres-a-altea-pour-tous-les-besoins\/\",\"url\":\"https:\/\/unave.es\/fr\/non-categorise\/fenetres-a-altea-pour-tous-les-besoins\/\",\"name\":\"Fen\u00eatres \u00e0 Altea | D\u00e9couvrez Unave\",\"isPartOf\":{\"@id\":\"https:\/\/unave.es\/fr\/#website\"},\"primaryImageOfPage\":{\"@id\":\"https:\/\/unave.es\/fr\/non-categorise\/fenetres-a-altea-pour-tous-les-besoins\/#primaryimage\"},\"image\":{\"@id\":\"https:\/\/unave.es\/fr\/non-categorise\/fenetres-a-altea-pour-tous-les-besoins\/#primaryimage\"},\"thumbnailUrl\":\"https:\/\/unave.es\/wp-content\/uploads\/2025\/04\/Blogs-portada.jpg\",\"datePublished\":\"2025-04-17T11:49:33+00:00\",\"dateModified\":\"2026-01-22T08:41:23+00:00\",\"author\":{\"@id\":\"https:\/\/unave.es\/fr\/#\/schema\/person\/64519cf7915384e41da0638fdfb94845\"},\"description\":\"Qualit\u00e9, design et efficacit\u00e9 pour vos fen\u00eatres \u00e0 Altea \ud83c\udfe1. D\u00e9couvrez tout ce qu'Unave peut faire pour votre maison, cliquez et d\u00e9couvrez-en plus !\",\"breadcrumb\":{\"@id\":\"https:\/\/unave.es\/fr\/non-categorise\/fenetres-a-altea-pour-tous-les-besoins\/#breadcrumb\"},\"inLanguage\":\"fr-FR\",\"potentialAction\":[{\"@type\":\"ReadAction\",\"target\":[\"https:\/\/unave.es\/fr\/non-categorise\/fenetres-a-altea-pour-tous-les-besoins\/\"]}]},{\"@type\":\"ImageObject\",\"inLanguage\":\"fr-FR\",\"@id\":\"https:\/\/unave.es\/fr\/non-categorise\/fenetres-a-altea-pour-tous-les-besoins\/#primaryimage\",\"url\":\"https:\/\/unave.es\/wp-content\/uploads\/2025\/04\/Blogs-portada.jpg\",\"contentUrl\":\"https:\/\/unave.es\/wp-content\/uploads\/2025\/04\/Blogs-portada.jpg\",\"width\":1000,\"height\":500},{\"@type\":\"BreadcrumbList\",\"@id\":\"https:\/\/unave.es\/fr\/non-categorise\/fenetres-a-altea-pour-tous-les-besoins\/#breadcrumb\",\"itemListElement\":[{\"@type\":\"ListItem\",\"position\":1,\"name\":\"Portada\",\"item\":\"https:\/\/unave.es\/fr\/\"},{\"@type\":\"ListItem\",\"position\":2,\"name\":\"Fen\u00eatres \u00e0 Altea : pour tous les besoins\"}]},{\"@type\":\"WebSite\",\"@id\":\"https:\/\/unave.es\/fr\/#website\",\"url\":\"https:\/\/unave.es\/fr\/\",\"name\":\"Unave\",\"description\":\"\",\"potentialAction\":[{\"@type\":\"SearchAction\",\"target\":{\"@type\":\"EntryPoint\",\"urlTemplate\":\"https:\/\/unave.es\/fr\/?s={search_term_string}\"},\"query-input\":{\"@type\":\"PropertyValueSpecification\",\"valueRequired\":true,\"valueName\":\"search_term_string\"}}],\"inLanguage\":\"fr-FR\"},{\"@type\":\"Person\",\"@id\":\"https:\/\/unave.es\/fr\/#\/schema\/person\/64519cf7915384e41da0638fdfb94845\",\"name\":\"unave\",\"image\":{\"@type\":\"ImageObject\",\"inLanguage\":\"fr-FR\",\"@id\":\"https:\/\/unave.es\/fr\/#\/schema\/person\/image\/\",\"url\":\"https:\/\/secure.gravatar.com\/avatar\/a3a032203e7cbaf21b3c6f5e9135603d87fad529539970087ce6822a70d75320?s=96&d=mm&r=g\",\"contentUrl\":\"https:\/\/secure.gravatar.com\/avatar\/a3a032203e7cbaf21b3c6f5e9135603d87fad529539970087ce6822a70d75320?s=96&d=mm&r=g\",\"caption\":\"unave\"},\"sameAs\":[\"https:\/\/unave.es\"]}]}<\/script>\n<!-- \/ Yoast SEO plugin. -->","yoast_head_json":{"title":"Fen\u00eatres \u00e0 Altea | D\u00e9couvrez Unave","description":"Qualit\u00e9, design et efficacit\u00e9 pour vos fen\u00eatres \u00e0 Altea \ud83c\udfe1. D\u00e9couvrez tout ce qu'Unave peut faire pour votre maison, cliquez et d\u00e9couvrez-en plus !","robots":{"index":"index","follow":"follow","max-snippet":"max-snippet:-1","max-image-preview":"max-image-preview:large","max-video-preview":"max-video-preview:-1"},"canonical":"https:\/\/unave.es\/fr\/non-categorise\/fenetres-a-altea-pour-tous-les-besoins\/","og_locale":"fr_FR","og_type":"article","og_title":"Fen\u00eatres \u00e0 Altea | D\u00e9couvrez Unave","og_description":"Qualit\u00e9, design et efficacit\u00e9 pour vos fen\u00eatres \u00e0 Altea \ud83c\udfe1. D\u00e9couvrez tout ce qu'Unave peut faire pour votre maison, cliquez et d\u00e9couvrez-en plus !","og_url":"https:\/\/unave.es\/fr\/non-categorise\/fenetres-a-altea-pour-tous-les-besoins\/","og_site_name":"Unave","article_published_time":"2025-04-17T11:49:33+00:00","article_modified_time":"2026-01-22T08:41:23+00:00","og_image":[{"width":1000,"height":500,"url":"https:\/\/unave.es\/wp-content\/uploads\/2025\/04\/Blogs-portada.jpg","type":"image\/jpeg"}],"author":"unave","twitter_card":"summary_large_image","twitter_misc":{"\u00c9crit par":"unave","Dur\u00e9e de lecture estim\u00e9e":"3 minutes"},"schema":{"@context":"https:\/\/schema.org","@graph":[{"@type":"Article","@id":"https:\/\/unave.es\/fr\/non-categorise\/fenetres-a-altea-pour-tous-les-besoins\/#article","isPartOf":{"@id":"https:\/\/unave.es\/fr\/non-categorise\/fenetres-a-altea-pour-tous-les-besoins\/"},"author":{"name":"unave","@id":"https:\/\/unave.es\/fr\/#\/schema\/person\/64519cf7915384e41da0638fdfb94845"},"headline":"Fen\u00eatres \u00e0 Altea : pour tous les besoins","datePublished":"2025-04-17T11:49:33+00:00","dateModified":"2026-01-22T08:41:23+00:00","mainEntityOfPage":{"@id":"https:\/\/unave.es\/fr\/non-categorise\/fenetres-a-altea-pour-tous-les-besoins\/"},"wordCount":728,"commentCount":0,"image":{"@id":"https:\/\/unave.es\/fr\/non-categorise\/fenetres-a-altea-pour-tous-les-besoins\/#primaryimage"},"thumbnailUrl":"https:\/\/unave.es\/wp-content\/uploads\/2025\/04\/Blogs-portada.jpg","articleSection":["Non cat\u00e9goris\u00e9"],"inLanguage":"fr-FR"},{"@type":"WebPage","@id":"https:\/\/unave.es\/fr\/non-categorise\/fenetres-a-altea-pour-tous-les-besoins\/","url":"https:\/\/unave.es\/fr\/non-categorise\/fenetres-a-altea-pour-tous-les-besoins\/","name":"Fen\u00eatres \u00e0 Altea | D\u00e9couvrez Unave","isPartOf":{"@id":"https:\/\/unave.es\/fr\/#website"},"primaryImageOfPage":{"@id":"https:\/\/unave.es\/fr\/non-categorise\/fenetres-a-altea-pour-tous-les-besoins\/#primaryimage"},"image":{"@id":"https:\/\/unave.es\/fr\/non-categorise\/fenetres-a-altea-pour-tous-les-besoins\/#primaryimage"},"thumbnailUrl":"https:\/\/unave.es\/wp-content\/uploads\/2025\/04\/Blogs-portada.jpg","datePublished":"2025-04-17T11:49:33+00:00","dateModified":"2026-01-22T08:41:23+00:00","author":{"@id":"https:\/\/unave.es\/fr\/#\/schema\/person\/64519cf7915384e41da0638fdfb94845"},"description":"Qualit\u00e9, design et efficacit\u00e9 pour vos fen\u00eatres \u00e0 Altea \ud83c\udfe1. D\u00e9couvrez tout ce qu'Unave peut faire pour votre maison, cliquez et d\u00e9couvrez-en plus !","breadcrumb":{"@id":"https:\/\/unave.es\/fr\/non-categorise\/fenetres-a-altea-pour-tous-les-besoins\/#breadcrumb"},"inLanguage":"fr-FR","potentialAction":[{"@type":"ReadAction","target":["https:\/\/unave.es\/fr\/non-categorise\/fenetres-a-altea-pour-tous-les-besoins\/"]}]},{"@type":"ImageObject","inLanguage":"fr-FR","@id":"https:\/\/unave.es\/fr\/non-categorise\/fenetres-a-altea-pour-tous-les-besoins\/#primaryimage","url":"https:\/\/unave.es\/wp-content\/uploads\/2025\/04\/Blogs-portada.jpg","contentUrl":"https:\/\/unave.es\/wp-content\/uploads\/2025\/04\/Blogs-portada.jpg","width":1000,"height":500},{"@type":"BreadcrumbList","@id":"https:\/\/unave.es\/fr\/non-categorise\/fenetres-a-altea-pour-tous-les-besoins\/#breadcrumb","itemListElement":[{"@type":"ListItem","position":1,"name":"Portada","item":"https:\/\/unave.es\/fr\/"},{"@type":"ListItem","position":2,"name":"Fen\u00eatres \u00e0 Altea : pour tous les besoins"}]},{"@type":"WebSite","@id":"https:\/\/unave.es\/fr\/#website","url":"https:\/\/unave.es\/fr\/","name":"Unave","description":"","potentialAction":[{"@type":"SearchAction","target":{"@type":"EntryPoint","urlTemplate":"https:\/\/unave.es\/fr\/?s={search_term_string}"},"query-input":{"@type":"PropertyValueSpecification","valueRequired":true,"valueName":"search_term_string"}}],"inLanguage":"fr-FR"},{"@type":"Person","@id":"https:\/\/unave.es\/fr\/#\/schema\/person\/64519cf7915384e41da0638fdfb94845","name":"unave","image":{"@type":"ImageObject","inLanguage":"fr-FR","@id":"https:\/\/unave.es\/fr\/#\/schema\/person\/image\/","url":"https:\/\/secure.gravatar.com\/avatar\/a3a032203e7cbaf21b3c6f5e9135603d87fad529539970087ce6822a70d75320?s=96&d=mm&r=g","contentUrl":"https:\/\/secure.gravatar.com\/avatar\/a3a032203e7cbaf21b3c6f5e9135603d87fad529539970087ce6822a70d75320?s=96&d=mm&r=g","caption":"unave"},"sameAs":["https:\/\/unave.es"]}]}},"_links":{"self":[{"href":"https:\/\/unave.es\/fr\/wp-json\/wp\/v2\/posts\/9740","targetHints":{"allow":["GET"]}}],"collection":[{"href":"https:\/\/unave.es\/fr\/wp-json\/wp\/v2\/posts"}],"about":[{"href":"https:\/\/unave.es\/fr\/wp-json\/wp\/v2\/types\/post"}],"author":[{"embeddable":true,"href":"https:\/\/unave.es\/fr\/wp-json\/wp\/v2\/users\/1"}],"replies":[{"embeddable":true,"href":"https:\/\/unave.es\/fr\/wp-json\/wp\/v2\/comments?post=9740"}],"version-history":[{"count":1,"href":"https:\/\/unave.es\/fr\/wp-json\/wp\/v2\/posts\/9740\/revisions"}],"predecessor-version":[{"id":9744,"href":"https:\/\/unave.es\/fr\/wp-json\/wp\/v2\/posts\/9740\/revisions\/9744"}],"wp:featuredmedia":[{"embeddable":true,"href":"https:\/\/unave.es\/fr\/wp-json\/wp\/v2\/media\/9730"}],"wp:attachment":[{"href":"https:\/\/unave.es\/fr\/wp-json\/wp\/v2\/media?parent=9740"}],"wp:term":[{"taxonomy":"category","embeddable":true,"href":"https:\/\/unave.es\/fr\/wp-json\/wp\/v2\/categories?post=9740"},{"taxonomy":"post_tag","embeddable":true,"href":"https:\/\/unave.es\/fr\/wp-json\/wp\/v2\/tags?post=9740"}],"curies":[{"name":"wp","href":"https:\/\/api.w.org\/{rel}","templated":true}]}}