{"id":9733,"date":"2025-06-13T09:41:19","date_gmt":"2025-06-13T07:41:19","guid":{"rendered":"https:\/\/unave.es\/non-categorise\/vous-cherchez-des-portes-de-garage-a-alicante-decouvrez-les-meilleures-options-du-marche\/"},"modified":"2026-01-22T09:41:07","modified_gmt":"2026-01-22T08:41:07","slug":"vous-cherchez-des-portes-de-garage-a-alicante-decouvrez-les-meilleures-options-du-marche","status":"publish","type":"post","link":"https:\/\/unave.es\/fr\/non-categorise\/vous-cherchez-des-portes-de-garage-a-alicante-decouvrez-les-meilleures-options-du-marche\/","title":{"rendered":"Vous cherchez des portes de garage \u00e0 Alicante ? D\u00e9couvrez les meilleures options du march\u00e9"},"content":{"rendered":"\n<p>Si vous \u00eates arriv\u00e9 jusqu&rsquo;ici \u00e0 la recherche de <strong>portes de garage \u00e0 Alicante<\/strong>, vous \u00eates au bon endroit. Choisir une bonne porte de garage n&rsquo;est pas seulement une question de s\u00e9curit\u00e9 ou d&rsquo;esth\u00e9tique, c&rsquo;est aussi un investissement dans le confort, l&rsquo;efficacit\u00e9 \u00e9nerg\u00e9tique et la fonctionnalit\u00e9. Chez Unave, nous aidons depuis des ann\u00e9es les particuliers et les professionnels \u00e0 trouver la porte de garage id\u00e9ale, en nous adaptant \u00e0 tous les besoins et en offrant toujours les derni\u00e8res nouveaut\u00e9s en mati\u00e8re de technologie et de design.  <\/p>\n\n<h2 class=\"wp-block-heading\">De quel type de porte avez-vous besoin ?<\/h2>\n\n<p>Tous les garages ne sont pas identiques, c&rsquo;est pourquoi chez Unave nous proposons une large gamme de solutions pour vous aider \u00e0 trouver exactement ce dont vous avez besoin. Nous vous pr\u00e9sentons ici les principales options : <\/p>\n\n<figure class=\"wp-block-image size-full\"><img loading=\"lazy\" decoding=\"async\" width=\"1000\" height=\"500\" src=\"https:\/\/unave.es\/wp-content\/uploads\/2025\/06\/puertas-garaje-alicante-2.jpg\" alt=\"\" class=\"wp-image-8889\" srcset=\"https:\/\/unave.es\/wp-content\/uploads\/2025\/06\/puertas-garaje-alicante-2.jpg 1000w, https:\/\/unave.es\/wp-content\/uploads\/2025\/06\/puertas-garaje-alicante-2-300x150.jpg 300w, https:\/\/unave.es\/wp-content\/uploads\/2025\/06\/puertas-garaje-alicante-2-768x384.jpg 768w, https:\/\/unave.es\/wp-content\/uploads\/2025\/06\/puertas-garaje-alicante-2-600x300.jpg 600w, https:\/\/unave.es\/wp-content\/uploads\/2025\/06\/puertas-garaje-alicante-2-1x1.jpg 1w, https:\/\/unave.es\/wp-content\/uploads\/2025\/06\/puertas-garaje-alicante-2-10x5.jpg 10w\" sizes=\"auto, (max-width: 1000px) 100vw, 1000px\" \/><\/figure>\n\n<p><strong>Portes de garage sectionnelles<\/strong><br\/>Elles sont les plus populaires pour une raison : elles sont peu encombrantes et s&rsquo;adaptent \u00e0 presque tous les types d&rsquo;ouverture. Elles s&rsquo;ouvrent verticalement et se r\u00e9tractent sous le plafond, lib\u00e9rant ainsi l&rsquo;int\u00e9rieur et l&rsquo;ext\u00e9rieur du garage.<br\/>En outre : <\/p>\n\n<ul class=\"wp-block-list\">\n<li>Offre jusqu&rsquo;\u00e0 14 cm de largeur de passage suppl\u00e9mentaire par rapport \u00e0 une porte basculante.<\/li>\n\n\n\n<li>Ils garantissent une excellente isolation thermique et acoustique gr\u00e2ce \u00e0 leurs panneaux sandwichs de 42 mm avec mousse de polyur\u00e9thane.<\/li>\n\n\n\n<li>Ils sont dot\u00e9s de joints d&rsquo;\u00e9tanch\u00e9it\u00e9 r\u00e9sistants aux intemp\u00e9ries sur tout leur p\u00e9rim\u00e8tre.<\/li>\n\n\n\n<li>Ils sont id\u00e9aux si vous recherchez une solution pratique, s\u00fbre et esth\u00e9tiquement moderne.<\/li>\n<\/ul>\n\n<p><strong>Portes basculantes Berry<\/strong><br\/>Ces portes se distinguent par leur robustesse, leur simplicit\u00e9 d&rsquo;utilisation et leur design intemporel. Les portes Berry sont disponibles en acier ou en bois, avec une grande vari\u00e9t\u00e9 de finitions et de couleurs, id\u00e9ales pour ceux qui recherchent une esth\u00e9tique plus traditionnelle sans sacrifier la qualit\u00e9 et la s\u00e9curit\u00e9. <\/p>\n\n<p><strong>Volets roulants RollMatic<\/strong><br\/>Parfait pour les garages dont l&rsquo;espace est limit\u00e9. Les portes RollMatic s&rsquo;ouvrent verticalement et s&rsquo;enroulent sur un rouleau compact, ce qui permet d&rsquo;exploiter pleinement l&rsquo;int\u00e9rieur du garage. Elles peuvent m\u00eame \u00eatre install\u00e9es dans des ouvertures de forme irr\u00e9guli\u00e8re, telles que des arcs ou des plafonds inclin\u00e9s.  <\/p>\n\n<p><strong>Portes sectionnelles lat\u00e9rales<\/strong><br\/>Une alternative int\u00e9ressante lorsque le plafond ne permet pas une installation conventionnelle. Elles s&rsquo;ouvrent lat\u00e9ralement et vous permettent d&rsquo;ouvrir une seule section si vous avez besoin d&rsquo;entrer ou de sortir sans ouvrir toute la porte. En outre, elles lib\u00e8rent toute la hauteur du passage, ce qui est tr\u00e8s utile pour les grands v\u00e9hicules ou les garages \u00e0 plafond bas.  <\/p>\n\n<p><strong>Portes pi\u00e9tonnes lat\u00e9rales<\/strong><br\/>Vous garez votre voiture juste devant la porte ? Vous n&rsquo;entrez dans le garage que pour chercher quelque chose ? Les portes lat\u00e9rales sont une solution pratique qui vous permet d&rsquo;acc\u00e9der \u00e0 l&rsquo;int\u00e9rieur sans ouvrir la porte principale. Et le plus beau, c&rsquo;est qu&rsquo;elles sont disponibles dans des mod\u00e8les assortis \u00e0 toutes nos portes, de sorte que l&rsquo;ensemble est visuellement harmonieux.   <\/p>\n\n<h3 class=\"wp-block-heading\">Engagement en faveur du d\u00e9veloppement durable<\/h3>\n\n<p>Chez Unave, nous travaillons avec les portes de garage <a href=\"https:\/\/www.hormann.es\/\" target=\"_blank\" rel=\"noreferrer noopener\">H\u00f6rmann<\/a>, premier fabricant europ\u00e9en engag\u00e9 dans le d\u00e9veloppement durable. Tous les mod\u00e8les que nous proposons sont neutres en CO\u2082, contribuant ainsi \u00e0 la construction de maisons plus respectueuses de l&rsquo;environnement. <\/p>\n\n<p>De plus, vous pouvez d\u00e9sormais profiter de nos portes de garage de haute qualit\u00e9 \u00e0 des prix promotionnels, valables jusqu&rsquo;au 31 d\u00e9cembre 2025. Une opportunit\u00e9 \u00e0 ne pas manquer. <\/p>\n\n<h3 class=\"wp-block-heading\">Pourquoi choisir Unave pour vos portes de garage \u00e0 Alicante ?<\/h3>\n\n<p>Conseils personnalis\u00e9s<br\/>-Installation professionnelle<br\/>-Produits haut de gamme<br\/>-Service apr\u00e8s-vente<br\/>-Promotions exclusives<br\/>-Engagement environnemental<\/p>\n\n<p>Nous sommes passionn\u00e9s par ce que nous faisons et cela se voit dans chaque projet. Qu&rsquo;il s&rsquo;agisse de votre maison priv\u00e9e, d&rsquo;un b\u00e2timent communautaire ou d&rsquo;un projet professionnel, nous sommes l\u00e0 pour vous aider \u00e0 faire le bon choix. <\/p>\n\n<h2 class=\"wp-block-heading\">Contactez nous aujourd&rsquo;hui<\/h2>\n\n<p>Si vous cherchez des <strong>portes de garage \u00e0 Alicante<\/strong>, ne r\u00e9fl\u00e9chissez pas \u00e0 deux fois. Chez Unave, nous vous offrons qualit\u00e9, exp\u00e9rience et proximit\u00e9. D\u00e9couvrez toutes nos options et laissez-nous vous aider \u00e0 transformer votre garage avec une porte qui s&rsquo;adapte parfaitement \u00e0 vous et \u00e0 votre espace.  <\/p>\n\n<p><a href=\"https:\/\/unave.es\/fr\/contact\/\" target=\"_blank\" rel=\"noreferrer noopener\">Appelez-nous, \u00e9crivez-nous ou visitez notre site web.<\/a>  Nous vous attendons avec des solutions sur mesure et les meilleures promotions du march\u00e9.<\/p>\n\n<p><\/p>\n","protected":false},"excerpt":{"rendered":"<p>Si vous \u00eates arriv\u00e9 jusqu&rsquo;ici \u00e0 la recherche de portes de garage \u00e0 Alicante, vous \u00eates au bon endroit. Choisir&#8230;<\/p>\n","protected":false},"author":1,"featured_media":9722,"comment_status":"closed","ping_status":"closed","sticky":false,"template":"","format":"standard","meta":{"_monsterinsights_skip_tracking":false,"_monsterinsights_sitenote_active":false,"_monsterinsights_sitenote_note":"","_monsterinsights_sitenote_category":0,"footnotes":""},"categories":[81],"tags":[],"class_list":["post-9733","post","type-post","status-publish","format-standard","has-post-thumbnail","hentry","category-non-categorise"],"yoast_head":"<!-- This site is optimized with the Yoast SEO plugin v26.8 - https:\/\/yoast.com\/product\/yoast-seo-wordpress\/ -->\n<title>Vous cherchez des portes de garage \u00e0 Alicante ? - Unave% Unave Unave.<\/title>\n<meta name=\"description\" content=\"Vous cherchez des portes de garage \u00e0 Alicante ? D\u00e9couvrez des options de qualit\u00e9 avec Unave et demandez un conseil personnalis\u00e9 d\u00e8s aujourd&#039;hui, cliquez maintenant !\" \/>\n<meta name=\"robots\" content=\"index, follow, max-snippet:-1, max-image-preview:large, max-video-preview:-1\" \/>\n<link rel=\"canonical\" href=\"https:\/\/unave.es\/fr\/non-categorise\/vous-cherchez-des-portes-de-garage-a-alicante-decouvrez-les-meilleures-options-du-marche\/\" \/>\n<meta property=\"og:locale\" content=\"fr_FR\" \/>\n<meta property=\"og:type\" content=\"article\" \/>\n<meta property=\"og:title\" content=\"Vous cherchez des portes de garage \u00e0 Alicante ? - Unave% Unave Unave.\" \/>\n<meta property=\"og:description\" content=\"Vous cherchez des portes de garage \u00e0 Alicante ? D\u00e9couvrez des options de qualit\u00e9 avec Unave et demandez un conseil personnalis\u00e9 d\u00e8s aujourd&#039;hui, cliquez maintenant !\" \/>\n<meta property=\"og:url\" content=\"https:\/\/unave.es\/fr\/non-categorise\/vous-cherchez-des-portes-de-garage-a-alicante-decouvrez-les-meilleures-options-du-marche\/\" \/>\n<meta property=\"og:site_name\" content=\"Unave\" \/>\n<meta property=\"article:published_time\" content=\"2025-06-13T07:41:19+00:00\" \/>\n<meta property=\"article:modified_time\" content=\"2026-01-22T08:41:07+00:00\" \/>\n<meta property=\"og:image\" content=\"https:\/\/unave.es\/wp-content\/uploads\/2025\/06\/puertas-garaje-alicante.jpg\" \/>\n\t<meta property=\"og:image:width\" content=\"1000\" \/>\n\t<meta property=\"og:image:height\" content=\"500\" \/>\n\t<meta property=\"og:image:type\" content=\"image\/jpeg\" \/>\n<meta name=\"author\" content=\"unave\" \/>\n<meta name=\"twitter:card\" content=\"summary_large_image\" \/>\n<meta name=\"twitter:label1\" content=\"\u00c9crit par\" \/>\n\t<meta name=\"twitter:data1\" content=\"unave\" \/>\n\t<meta name=\"twitter:label2\" content=\"Dur\u00e9e de lecture estim\u00e9e\" \/>\n\t<meta name=\"twitter:data2\" content=\"3 minutes\" \/>\n<script type=\"application\/ld+json\" class=\"yoast-schema-graph\">{\"@context\":\"https:\/\/schema.org\",\"@graph\":[{\"@type\":\"Article\",\"@id\":\"https:\/\/unave.es\/fr\/non-categorise\/vous-cherchez-des-portes-de-garage-a-alicante-decouvrez-les-meilleures-options-du-marche\/#article\",\"isPartOf\":{\"@id\":\"https:\/\/unave.es\/fr\/non-categorise\/vous-cherchez-des-portes-de-garage-a-alicante-decouvrez-les-meilleures-options-du-marche\/\"},\"author\":{\"name\":\"unave\",\"@id\":\"https:\/\/unave.es\/fr\/#\/schema\/person\/64519cf7915384e41da0638fdfb94845\"},\"headline\":\"Vous cherchez des portes de garage \u00e0 Alicante ? D\u00e9couvrez les meilleures options du march\u00e9\",\"datePublished\":\"2025-06-13T07:41:19+00:00\",\"dateModified\":\"2026-01-22T08:41:07+00:00\",\"mainEntityOfPage\":{\"@id\":\"https:\/\/unave.es\/fr\/non-categorise\/vous-cherchez-des-portes-de-garage-a-alicante-decouvrez-les-meilleures-options-du-marche\/\"},\"wordCount\":748,\"image\":{\"@id\":\"https:\/\/unave.es\/fr\/non-categorise\/vous-cherchez-des-portes-de-garage-a-alicante-decouvrez-les-meilleures-options-du-marche\/#primaryimage\"},\"thumbnailUrl\":\"https:\/\/unave.es\/wp-content\/uploads\/2025\/06\/puertas-garaje-alicante.jpg\",\"articleSection\":[\"Non cat\u00e9goris\u00e9\"],\"inLanguage\":\"fr-FR\"},{\"@type\":\"WebPage\",\"@id\":\"https:\/\/unave.es\/fr\/non-categorise\/vous-cherchez-des-portes-de-garage-a-alicante-decouvrez-les-meilleures-options-du-marche\/\",\"url\":\"https:\/\/unave.es\/fr\/non-categorise\/vous-cherchez-des-portes-de-garage-a-alicante-decouvrez-les-meilleures-options-du-marche\/\",\"name\":\"Vous cherchez des portes de garage \u00e0 Alicante ? - Unave% Unave Unave.\",\"isPartOf\":{\"@id\":\"https:\/\/unave.es\/fr\/#website\"},\"primaryImageOfPage\":{\"@id\":\"https:\/\/unave.es\/fr\/non-categorise\/vous-cherchez-des-portes-de-garage-a-alicante-decouvrez-les-meilleures-options-du-marche\/#primaryimage\"},\"image\":{\"@id\":\"https:\/\/unave.es\/fr\/non-categorise\/vous-cherchez-des-portes-de-garage-a-alicante-decouvrez-les-meilleures-options-du-marche\/#primaryimage\"},\"thumbnailUrl\":\"https:\/\/unave.es\/wp-content\/uploads\/2025\/06\/puertas-garaje-alicante.jpg\",\"datePublished\":\"2025-06-13T07:41:19+00:00\",\"dateModified\":\"2026-01-22T08:41:07+00:00\",\"author\":{\"@id\":\"https:\/\/unave.es\/fr\/#\/schema\/person\/64519cf7915384e41da0638fdfb94845\"},\"description\":\"Vous cherchez des portes de garage \u00e0 Alicante ? D\u00e9couvrez des options de qualit\u00e9 avec Unave et demandez un conseil personnalis\u00e9 d\u00e8s aujourd'hui, cliquez maintenant !\",\"breadcrumb\":{\"@id\":\"https:\/\/unave.es\/fr\/non-categorise\/vous-cherchez-des-portes-de-garage-a-alicante-decouvrez-les-meilleures-options-du-marche\/#breadcrumb\"},\"inLanguage\":\"fr-FR\",\"potentialAction\":[{\"@type\":\"ReadAction\",\"target\":[\"https:\/\/unave.es\/fr\/non-categorise\/vous-cherchez-des-portes-de-garage-a-alicante-decouvrez-les-meilleures-options-du-marche\/\"]}]},{\"@type\":\"ImageObject\",\"inLanguage\":\"fr-FR\",\"@id\":\"https:\/\/unave.es\/fr\/non-categorise\/vous-cherchez-des-portes-de-garage-a-alicante-decouvrez-les-meilleures-options-du-marche\/#primaryimage\",\"url\":\"https:\/\/unave.es\/wp-content\/uploads\/2025\/06\/puertas-garaje-alicante.jpg\",\"contentUrl\":\"https:\/\/unave.es\/wp-content\/uploads\/2025\/06\/puertas-garaje-alicante.jpg\",\"width\":1000,\"height\":500},{\"@type\":\"BreadcrumbList\",\"@id\":\"https:\/\/unave.es\/fr\/non-categorise\/vous-cherchez-des-portes-de-garage-a-alicante-decouvrez-les-meilleures-options-du-marche\/#breadcrumb\",\"itemListElement\":[{\"@type\":\"ListItem\",\"position\":1,\"name\":\"Portada\",\"item\":\"https:\/\/unave.es\/fr\/\"},{\"@type\":\"ListItem\",\"position\":2,\"name\":\"Vous cherchez des portes de garage \u00e0 Alicante ? D\u00e9couvrez les meilleures options du march\u00e9\"}]},{\"@type\":\"WebSite\",\"@id\":\"https:\/\/unave.es\/fr\/#website\",\"url\":\"https:\/\/unave.es\/fr\/\",\"name\":\"Unave\",\"description\":\"\",\"potentialAction\":[{\"@type\":\"SearchAction\",\"target\":{\"@type\":\"EntryPoint\",\"urlTemplate\":\"https:\/\/unave.es\/fr\/?s={search_term_string}\"},\"query-input\":{\"@type\":\"PropertyValueSpecification\",\"valueRequired\":true,\"valueName\":\"search_term_string\"}}],\"inLanguage\":\"fr-FR\"},{\"@type\":\"Person\",\"@id\":\"https:\/\/unave.es\/fr\/#\/schema\/person\/64519cf7915384e41da0638fdfb94845\",\"name\":\"unave\",\"image\":{\"@type\":\"ImageObject\",\"inLanguage\":\"fr-FR\",\"@id\":\"https:\/\/unave.es\/fr\/#\/schema\/person\/image\/\",\"url\":\"https:\/\/secure.gravatar.com\/avatar\/a3a032203e7cbaf21b3c6f5e9135603d87fad529539970087ce6822a70d75320?s=96&d=mm&r=g\",\"contentUrl\":\"https:\/\/secure.gravatar.com\/avatar\/a3a032203e7cbaf21b3c6f5e9135603d87fad529539970087ce6822a70d75320?s=96&d=mm&r=g\",\"caption\":\"unave\"},\"sameAs\":[\"https:\/\/unave.es\"]}]}<\/script>\n<!-- \/ Yoast SEO plugin. -->","yoast_head_json":{"title":"Vous cherchez des portes de garage \u00e0 Alicante ? - Unave% Unave Unave.","description":"Vous cherchez des portes de garage \u00e0 Alicante ? D\u00e9couvrez des options de qualit\u00e9 avec Unave et demandez un conseil personnalis\u00e9 d\u00e8s aujourd'hui, cliquez maintenant !","robots":{"index":"index","follow":"follow","max-snippet":"max-snippet:-1","max-image-preview":"max-image-preview:large","max-video-preview":"max-video-preview:-1"},"canonical":"https:\/\/unave.es\/fr\/non-categorise\/vous-cherchez-des-portes-de-garage-a-alicante-decouvrez-les-meilleures-options-du-marche\/","og_locale":"fr_FR","og_type":"article","og_title":"Vous cherchez des portes de garage \u00e0 Alicante ? - Unave% Unave Unave.","og_description":"Vous cherchez des portes de garage \u00e0 Alicante ? D\u00e9couvrez des options de qualit\u00e9 avec Unave et demandez un conseil personnalis\u00e9 d\u00e8s aujourd'hui, cliquez maintenant !","og_url":"https:\/\/unave.es\/fr\/non-categorise\/vous-cherchez-des-portes-de-garage-a-alicante-decouvrez-les-meilleures-options-du-marche\/","og_site_name":"Unave","article_published_time":"2025-06-13T07:41:19+00:00","article_modified_time":"2026-01-22T08:41:07+00:00","og_image":[{"width":1000,"height":500,"url":"https:\/\/unave.es\/wp-content\/uploads\/2025\/06\/puertas-garaje-alicante.jpg","type":"image\/jpeg"}],"author":"unave","twitter_card":"summary_large_image","twitter_misc":{"\u00c9crit par":"unave","Dur\u00e9e de lecture estim\u00e9e":"3 minutes"},"schema":{"@context":"https:\/\/schema.org","@graph":[{"@type":"Article","@id":"https:\/\/unave.es\/fr\/non-categorise\/vous-cherchez-des-portes-de-garage-a-alicante-decouvrez-les-meilleures-options-du-marche\/#article","isPartOf":{"@id":"https:\/\/unave.es\/fr\/non-categorise\/vous-cherchez-des-portes-de-garage-a-alicante-decouvrez-les-meilleures-options-du-marche\/"},"author":{"name":"unave","@id":"https:\/\/unave.es\/fr\/#\/schema\/person\/64519cf7915384e41da0638fdfb94845"},"headline":"Vous cherchez des portes de garage \u00e0 Alicante ? D\u00e9couvrez les meilleures options du march\u00e9","datePublished":"2025-06-13T07:41:19+00:00","dateModified":"2026-01-22T08:41:07+00:00","mainEntityOfPage":{"@id":"https:\/\/unave.es\/fr\/non-categorise\/vous-cherchez-des-portes-de-garage-a-alicante-decouvrez-les-meilleures-options-du-marche\/"},"wordCount":748,"image":{"@id":"https:\/\/unave.es\/fr\/non-categorise\/vous-cherchez-des-portes-de-garage-a-alicante-decouvrez-les-meilleures-options-du-marche\/#primaryimage"},"thumbnailUrl":"https:\/\/unave.es\/wp-content\/uploads\/2025\/06\/puertas-garaje-alicante.jpg","articleSection":["Non cat\u00e9goris\u00e9"],"inLanguage":"fr-FR"},{"@type":"WebPage","@id":"https:\/\/unave.es\/fr\/non-categorise\/vous-cherchez-des-portes-de-garage-a-alicante-decouvrez-les-meilleures-options-du-marche\/","url":"https:\/\/unave.es\/fr\/non-categorise\/vous-cherchez-des-portes-de-garage-a-alicante-decouvrez-les-meilleures-options-du-marche\/","name":"Vous cherchez des portes de garage \u00e0 Alicante ? - Unave% Unave Unave.","isPartOf":{"@id":"https:\/\/unave.es\/fr\/#website"},"primaryImageOfPage":{"@id":"https:\/\/unave.es\/fr\/non-categorise\/vous-cherchez-des-portes-de-garage-a-alicante-decouvrez-les-meilleures-options-du-marche\/#primaryimage"},"image":{"@id":"https:\/\/unave.es\/fr\/non-categorise\/vous-cherchez-des-portes-de-garage-a-alicante-decouvrez-les-meilleures-options-du-marche\/#primaryimage"},"thumbnailUrl":"https:\/\/unave.es\/wp-content\/uploads\/2025\/06\/puertas-garaje-alicante.jpg","datePublished":"2025-06-13T07:41:19+00:00","dateModified":"2026-01-22T08:41:07+00:00","author":{"@id":"https:\/\/unave.es\/fr\/#\/schema\/person\/64519cf7915384e41da0638fdfb94845"},"description":"Vous cherchez des portes de garage \u00e0 Alicante ? D\u00e9couvrez des options de qualit\u00e9 avec Unave et demandez un conseil personnalis\u00e9 d\u00e8s aujourd'hui, cliquez maintenant !","breadcrumb":{"@id":"https:\/\/unave.es\/fr\/non-categorise\/vous-cherchez-des-portes-de-garage-a-alicante-decouvrez-les-meilleures-options-du-marche\/#breadcrumb"},"inLanguage":"fr-FR","potentialAction":[{"@type":"ReadAction","target":["https:\/\/unave.es\/fr\/non-categorise\/vous-cherchez-des-portes-de-garage-a-alicante-decouvrez-les-meilleures-options-du-marche\/"]}]},{"@type":"ImageObject","inLanguage":"fr-FR","@id":"https:\/\/unave.es\/fr\/non-categorise\/vous-cherchez-des-portes-de-garage-a-alicante-decouvrez-les-meilleures-options-du-marche\/#primaryimage","url":"https:\/\/unave.es\/wp-content\/uploads\/2025\/06\/puertas-garaje-alicante.jpg","contentUrl":"https:\/\/unave.es\/wp-content\/uploads\/2025\/06\/puertas-garaje-alicante.jpg","width":1000,"height":500},{"@type":"BreadcrumbList","@id":"https:\/\/unave.es\/fr\/non-categorise\/vous-cherchez-des-portes-de-garage-a-alicante-decouvrez-les-meilleures-options-du-marche\/#breadcrumb","itemListElement":[{"@type":"ListItem","position":1,"name":"Portada","item":"https:\/\/unave.es\/fr\/"},{"@type":"ListItem","position":2,"name":"Vous cherchez des portes de garage \u00e0 Alicante ? D\u00e9couvrez les meilleures options du march\u00e9"}]},{"@type":"WebSite","@id":"https:\/\/unave.es\/fr\/#website","url":"https:\/\/unave.es\/fr\/","name":"Unave","description":"","potentialAction":[{"@type":"SearchAction","target":{"@type":"EntryPoint","urlTemplate":"https:\/\/unave.es\/fr\/?s={search_term_string}"},"query-input":{"@type":"PropertyValueSpecification","valueRequired":true,"valueName":"search_term_string"}}],"inLanguage":"fr-FR"},{"@type":"Person","@id":"https:\/\/unave.es\/fr\/#\/schema\/person\/64519cf7915384e41da0638fdfb94845","name":"unave","image":{"@type":"ImageObject","inLanguage":"fr-FR","@id":"https:\/\/unave.es\/fr\/#\/schema\/person\/image\/","url":"https:\/\/secure.gravatar.com\/avatar\/a3a032203e7cbaf21b3c6f5e9135603d87fad529539970087ce6822a70d75320?s=96&d=mm&r=g","contentUrl":"https:\/\/secure.gravatar.com\/avatar\/a3a032203e7cbaf21b3c6f5e9135603d87fad529539970087ce6822a70d75320?s=96&d=mm&r=g","caption":"unave"},"sameAs":["https:\/\/unave.es"]}]}},"_links":{"self":[{"href":"https:\/\/unave.es\/fr\/wp-json\/wp\/v2\/posts\/9733","targetHints":{"allow":["GET"]}}],"collection":[{"href":"https:\/\/unave.es\/fr\/wp-json\/wp\/v2\/posts"}],"about":[{"href":"https:\/\/unave.es\/fr\/wp-json\/wp\/v2\/types\/post"}],"author":[{"embeddable":true,"href":"https:\/\/unave.es\/fr\/wp-json\/wp\/v2\/users\/1"}],"replies":[{"embeddable":true,"href":"https:\/\/unave.es\/fr\/wp-json\/wp\/v2\/comments?post=9733"}],"version-history":[{"count":1,"href":"https:\/\/unave.es\/fr\/wp-json\/wp\/v2\/posts\/9733\/revisions"}],"predecessor-version":[{"id":9734,"href":"https:\/\/unave.es\/fr\/wp-json\/wp\/v2\/posts\/9733\/revisions\/9734"}],"wp:featuredmedia":[{"embeddable":true,"href":"https:\/\/unave.es\/fr\/wp-json\/wp\/v2\/media\/9722"}],"wp:attachment":[{"href":"https:\/\/unave.es\/fr\/wp-json\/wp\/v2\/media?parent=9733"}],"wp:term":[{"taxonomy":"category","embeddable":true,"href":"https:\/\/unave.es\/fr\/wp-json\/wp\/v2\/categories?post=9733"},{"taxonomy":"post_tag","embeddable":true,"href":"https:\/\/unave.es\/fr\/wp-json\/wp\/v2\/tags?post=9733"}],"curies":[{"name":"wp","href":"https:\/\/api.w.org\/{rel}","templated":true}]}}