{"id":9717,"date":"2025-08-04T13:32:00","date_gmt":"2025-08-04T11:32:00","guid":{"rendered":"https:\/\/unave.es\/non-categorise\/rideaux-de-verre-a-benidorm-elegance-et-confort-toute-lannee\/"},"modified":"2026-01-22T09:39:48","modified_gmt":"2026-01-22T08:39:48","slug":"rideaux-de-verre-a-benidorm-elegance-et-confort-toute-lannee","status":"publish","type":"post","link":"https:\/\/unave.es\/fr\/non-categorise\/rideaux-de-verre-a-benidorm-elegance-et-confort-toute-lannee\/","title":{"rendered":"Rideaux de verre \u00e0 Benidorm : \u00e9l\u00e9gance et confort toute l&rsquo;ann\u00e9e"},"content":{"rendered":"\n<p>Benidorm est synonyme de soleil, de lumi\u00e8re et de vie en plein air. Cependant, le vent, la pluie ou les basses temp\u00e9ratures font \u00e9galement partie de l&rsquo;ann\u00e9e. Comment profiter de votre terrasse, de votre balcon ou de votre porche pendant toutes les saisons sans sacrifier le design ? <strong>Les rideaux de verre \u00e0 Benidorm<\/strong> sont la r\u00e9ponse.  <\/p>\n\n<p>Chez <strong>Unave<\/strong>, nous sommes les sp\u00e9cialistes des fermetures en verre sur mesure, et les rideaux de verre sont l&rsquo;une de nos solutions vedettes. Non seulement ils apportent \u00e9l\u00e9gance et fonctionnalit\u00e9, mais ils augmentent \u00e9galement la valeur et le confort de tout espace ext\u00e9rieur. <\/p>\n\n<h2 class=\"wp-block-heading\"><strong>Qu&rsquo;est-ce qu&rsquo;un rideau de verre ?<\/strong><\/h2>\n\n<p>Les <strong>rideaux de verre<\/strong> sont des panneaux de verre tremp\u00e9 qui coulissent et se replient lat\u00e9ralement, sans cadre vertical, permettant une vue totalement d\u00e9gag\u00e9e. Lorsqu&rsquo;ils sont ferm\u00e9s, ils isolent du froid, du vent ou de la pluie ; lorsqu&rsquo;ils sont ouverts, ils permettent une ventilation compl\u00e8te. <\/p>\n\n<p>Et le plus beau, c&rsquo;est qu&rsquo;ils n&rsquo;alt\u00e8rent pas l&rsquo;esth\u00e9tique du b\u00e2timent et ne n\u00e9cessitent pas de travaux invasifs.<\/p>\n\n<h3 class=\"wp-block-heading\"><strong>Pourquoi choisir des rideaux de verre \u00e0 Benidorm ?<\/strong><\/h3>\n\n<p>Benidorm est un endroit privil\u00e9gi\u00e9 pour profiter de l&rsquo;ext\u00e9rieur. Mais nous savons que chaque espace a ses d\u00e9fis : le vent c\u00f4tier, les jours de pluie ou simplement le besoin de plus d&rsquo;intimit\u00e9. <\/p>\n\n<p>Nos <strong>rideaux de verre \u00e0 Benidorm<\/strong> offrent des solutions pratiques et esth\u00e9tiques pour :<\/p>\n\n<ul class=\"wp-block-list\">\n<li><strong>Terrasses<\/strong> dans les penthouses ou les maisons priv\u00e9es<\/li>\n\n\n\n<li><strong>Des balcons<\/strong> avec des vues \u00e0 ne pas manquer<\/li>\n\n\n\n<li><strong>Porches et jardins<\/strong> de maisons ou de villas<\/li>\n\n\n\n<li><strong>Les \u00e9tablissements de restauration<\/strong> souhaitant \u00e9tendre leur utilisation tout au long de l&rsquo;ann\u00e9e<br\/><\/li>\n<\/ul>\n\n<h3 class=\"wp-block-heading\"><strong>Avantages de l&rsquo;installation de rideaux de verre \u00e0 Benidorm<\/strong><\/h3>\n\n<ul class=\"wp-block-list\">\n<li><strong>Protection sans sacrifier la lumi\u00e8re naturelle<\/strong><\/li>\n\n\n\n<li><strong>\u00c9conomies d&rsquo;\u00e9nergie<\/strong>: meilleure isolation thermique<\/li>\n\n\n\n<li><strong>Extension de l&rsquo;espace utilisable<\/strong> tout au long de l&rsquo;ann\u00e9e<\/li>\n\n\n\n<li><strong>Esth\u00e9tique moderne et \u00e9pur\u00e9e<\/strong><\/li>\n\n\n\n<li><strong>Nettoyage et entretien faciles<\/strong><\/li>\n\n\n\n<li><strong>Augmentation de l&rsquo;intimit\u00e9<\/strong> en cas de combinaison avec un verre solaire filtr\u00e9 ou teint\u00e9<br\/><\/li>\n<\/ul>\n\n<p>Que ce soit pour votre maison ou votre entreprise, les <strong>rideaux de verre \u00e0 Benidorm<\/strong> sont un investissement intelligent, pratique et durable.<\/p>\n\n<figure class=\"wp-block-image size-full\"><img loading=\"lazy\" decoding=\"async\" width=\"1000\" height=\"500\" src=\"https:\/\/unave.es\/wp-content\/uploads\/2025\/07\/cortinas-de-cristal-benidorm-2.jpg\" alt=\"\" class=\"wp-image-8896\" srcset=\"https:\/\/unave.es\/wp-content\/uploads\/2025\/07\/cortinas-de-cristal-benidorm-2.jpg 1000w, https:\/\/unave.es\/wp-content\/uploads\/2025\/07\/cortinas-de-cristal-benidorm-2-300x150.jpg 300w, https:\/\/unave.es\/wp-content\/uploads\/2025\/07\/cortinas-de-cristal-benidorm-2-768x384.jpg 768w, https:\/\/unave.es\/wp-content\/uploads\/2025\/07\/cortinas-de-cristal-benidorm-2-600x300.jpg 600w, https:\/\/unave.es\/wp-content\/uploads\/2025\/07\/cortinas-de-cristal-benidorm-2-1x1.jpg 1w, https:\/\/unave.es\/wp-content\/uploads\/2025\/07\/cortinas-de-cristal-benidorm-2-10x5.jpg 10w\" sizes=\"auto, (max-width: 1000px) 100vw, 1000px\" \/><\/figure>\n\n<h2 class=\"wp-block-heading\"><strong>Vous souhaitez transformer votre espace avec \u00e9l\u00e9gance et fonctionnalit\u00e9 ?<\/strong><\/h2>\n\n<p>Chez <strong>Unave<\/strong>, nous sommes pr\u00eats \u00e0 vous aider. Si vous envisagez de cl\u00f4turer votre terrasse ou si vous avez besoin de conseils sur la mani\u00e8re de le faire, <strong>nos rideaux de verre \u00e0 Benidorm sont la solution id\u00e9ale.<\/strong> <\/p>\n\n<p><a href=\"https:\/\/unave.es\/fr\/travaux-realises\/\" target=\"_blank\" rel=\"noreferrer noopener\">Contactez-nous d\u00e8s aujourd&rsquo;hui<\/a> pour un <strong>devis gratuit<\/strong> et sans engagement<a href=\"https:\/\/unave.es\/fr\/travaux-realises\/\"> <\/a>et commencez \u00e0 profiter de votre espace ext\u00e9rieur 365 jours par an.<\/p>\n","protected":false},"excerpt":{"rendered":"<p>Benidorm est synonyme de soleil, de lumi\u00e8re et de vie en plein air. Cependant, le vent, la pluie ou les&#8230;<\/p>\n","protected":false},"author":1,"featured_media":9714,"comment_status":"closed","ping_status":"closed","sticky":false,"template":"","format":"standard","meta":{"_monsterinsights_skip_tracking":false,"_monsterinsights_sitenote_active":false,"_monsterinsights_sitenote_note":"","_monsterinsights_sitenote_category":0,"footnotes":""},"categories":[81],"tags":[],"class_list":["post-9717","post","type-post","status-publish","format-standard","has-post-thumbnail","hentry","category-non-categorise"],"yoast_head":"<!-- This site is optimized with the Yoast SEO plugin v26.8 - https:\/\/yoast.com\/product\/yoast-seo-wordpress\/ -->\n<title>Rideaux de verre Benidorm : \u00e9l\u00e9gance et confort toute l&#039;ann\u00e9e<\/title>\n<meta name=\"description\" content=\"Profitez de votre terrasse toute l&#039;ann\u00e9e avec nos rideaux de verre Benidorm. Style, confort et protection, demandez un devis d\u00e8s aujourd&#039;hui !\" \/>\n<meta name=\"robots\" content=\"index, follow, max-snippet:-1, max-image-preview:large, max-video-preview:-1\" \/>\n<link rel=\"canonical\" href=\"https:\/\/unave.es\/fr\/non-categorise\/rideaux-de-verre-a-benidorm-elegance-et-confort-toute-lannee\/\" \/>\n<meta property=\"og:locale\" content=\"fr_FR\" \/>\n<meta property=\"og:type\" content=\"article\" \/>\n<meta property=\"og:title\" content=\"Rideaux de verre Benidorm : \u00e9l\u00e9gance et confort toute l&#039;ann\u00e9e\" \/>\n<meta property=\"og:description\" content=\"Profitez de votre terrasse toute l&#039;ann\u00e9e avec nos rideaux de verre Benidorm. Style, confort et protection, demandez un devis d\u00e8s aujourd&#039;hui !\" \/>\n<meta property=\"og:url\" content=\"https:\/\/unave.es\/fr\/non-categorise\/rideaux-de-verre-a-benidorm-elegance-et-confort-toute-lannee\/\" \/>\n<meta property=\"og:site_name\" content=\"Unave\" \/>\n<meta property=\"article:published_time\" content=\"2025-08-04T11:32:00+00:00\" \/>\n<meta property=\"article:modified_time\" content=\"2026-01-22T08:39:48+00:00\" \/>\n<meta property=\"og:image\" content=\"https:\/\/unave.es\/wp-content\/uploads\/2025\/07\/cortinas-de-cristal-benidorm.jpg\" \/>\n\t<meta property=\"og:image:width\" content=\"1000\" \/>\n\t<meta property=\"og:image:height\" content=\"500\" \/>\n\t<meta property=\"og:image:type\" content=\"image\/jpeg\" \/>\n<meta name=\"author\" content=\"unave\" \/>\n<meta name=\"twitter:card\" content=\"summary_large_image\" \/>\n<meta name=\"twitter:label1\" content=\"\u00c9crit par\" \/>\n\t<meta name=\"twitter:data1\" content=\"unave\" \/>\n\t<meta name=\"twitter:label2\" content=\"Dur\u00e9e de lecture estim\u00e9e\" \/>\n\t<meta name=\"twitter:data2\" content=\"2 minutes\" \/>\n<script type=\"application\/ld+json\" class=\"yoast-schema-graph\">{\"@context\":\"https:\/\/schema.org\",\"@graph\":[{\"@type\":\"Article\",\"@id\":\"https:\/\/unave.es\/fr\/non-categorise\/rideaux-de-verre-a-benidorm-elegance-et-confort-toute-lannee\/#article\",\"isPartOf\":{\"@id\":\"https:\/\/unave.es\/fr\/non-categorise\/rideaux-de-verre-a-benidorm-elegance-et-confort-toute-lannee\/\"},\"author\":{\"name\":\"unave\",\"@id\":\"https:\/\/unave.es\/fr\/#\/schema\/person\/64519cf7915384e41da0638fdfb94845\"},\"headline\":\"Rideaux de verre \u00e0 Benidorm : \u00e9l\u00e9gance et confort toute l&rsquo;ann\u00e9e\",\"datePublished\":\"2025-08-04T11:32:00+00:00\",\"dateModified\":\"2026-01-22T08:39:48+00:00\",\"mainEntityOfPage\":{\"@id\":\"https:\/\/unave.es\/fr\/non-categorise\/rideaux-de-verre-a-benidorm-elegance-et-confort-toute-lannee\/\"},\"wordCount\":455,\"image\":{\"@id\":\"https:\/\/unave.es\/fr\/non-categorise\/rideaux-de-verre-a-benidorm-elegance-et-confort-toute-lannee\/#primaryimage\"},\"thumbnailUrl\":\"https:\/\/unave.es\/wp-content\/uploads\/2025\/07\/cortinas-de-cristal-benidorm.jpg\",\"articleSection\":[\"Non cat\u00e9goris\u00e9\"],\"inLanguage\":\"fr-FR\"},{\"@type\":\"WebPage\",\"@id\":\"https:\/\/unave.es\/fr\/non-categorise\/rideaux-de-verre-a-benidorm-elegance-et-confort-toute-lannee\/\",\"url\":\"https:\/\/unave.es\/fr\/non-categorise\/rideaux-de-verre-a-benidorm-elegance-et-confort-toute-lannee\/\",\"name\":\"Rideaux de verre Benidorm : \u00e9l\u00e9gance et confort toute l'ann\u00e9e\",\"isPartOf\":{\"@id\":\"https:\/\/unave.es\/fr\/#website\"},\"primaryImageOfPage\":{\"@id\":\"https:\/\/unave.es\/fr\/non-categorise\/rideaux-de-verre-a-benidorm-elegance-et-confort-toute-lannee\/#primaryimage\"},\"image\":{\"@id\":\"https:\/\/unave.es\/fr\/non-categorise\/rideaux-de-verre-a-benidorm-elegance-et-confort-toute-lannee\/#primaryimage\"},\"thumbnailUrl\":\"https:\/\/unave.es\/wp-content\/uploads\/2025\/07\/cortinas-de-cristal-benidorm.jpg\",\"datePublished\":\"2025-08-04T11:32:00+00:00\",\"dateModified\":\"2026-01-22T08:39:48+00:00\",\"author\":{\"@id\":\"https:\/\/unave.es\/fr\/#\/schema\/person\/64519cf7915384e41da0638fdfb94845\"},\"description\":\"Profitez de votre terrasse toute l'ann\u00e9e avec nos rideaux de verre Benidorm. Style, confort et protection, demandez un devis d\u00e8s aujourd'hui !\",\"breadcrumb\":{\"@id\":\"https:\/\/unave.es\/fr\/non-categorise\/rideaux-de-verre-a-benidorm-elegance-et-confort-toute-lannee\/#breadcrumb\"},\"inLanguage\":\"fr-FR\",\"potentialAction\":[{\"@type\":\"ReadAction\",\"target\":[\"https:\/\/unave.es\/fr\/non-categorise\/rideaux-de-verre-a-benidorm-elegance-et-confort-toute-lannee\/\"]}]},{\"@type\":\"ImageObject\",\"inLanguage\":\"fr-FR\",\"@id\":\"https:\/\/unave.es\/fr\/non-categorise\/rideaux-de-verre-a-benidorm-elegance-et-confort-toute-lannee\/#primaryimage\",\"url\":\"https:\/\/unave.es\/wp-content\/uploads\/2025\/07\/cortinas-de-cristal-benidorm.jpg\",\"contentUrl\":\"https:\/\/unave.es\/wp-content\/uploads\/2025\/07\/cortinas-de-cristal-benidorm.jpg\",\"width\":1000,\"height\":500},{\"@type\":\"BreadcrumbList\",\"@id\":\"https:\/\/unave.es\/fr\/non-categorise\/rideaux-de-verre-a-benidorm-elegance-et-confort-toute-lannee\/#breadcrumb\",\"itemListElement\":[{\"@type\":\"ListItem\",\"position\":1,\"name\":\"Portada\",\"item\":\"https:\/\/unave.es\/fr\/\"},{\"@type\":\"ListItem\",\"position\":2,\"name\":\"Rideaux de verre \u00e0 Benidorm : \u00e9l\u00e9gance et confort toute l&rsquo;ann\u00e9e\"}]},{\"@type\":\"WebSite\",\"@id\":\"https:\/\/unave.es\/fr\/#website\",\"url\":\"https:\/\/unave.es\/fr\/\",\"name\":\"Unave\",\"description\":\"\",\"potentialAction\":[{\"@type\":\"SearchAction\",\"target\":{\"@type\":\"EntryPoint\",\"urlTemplate\":\"https:\/\/unave.es\/fr\/?s={search_term_string}\"},\"query-input\":{\"@type\":\"PropertyValueSpecification\",\"valueRequired\":true,\"valueName\":\"search_term_string\"}}],\"inLanguage\":\"fr-FR\"},{\"@type\":\"Person\",\"@id\":\"https:\/\/unave.es\/fr\/#\/schema\/person\/64519cf7915384e41da0638fdfb94845\",\"name\":\"unave\",\"image\":{\"@type\":\"ImageObject\",\"inLanguage\":\"fr-FR\",\"@id\":\"https:\/\/unave.es\/fr\/#\/schema\/person\/image\/\",\"url\":\"https:\/\/secure.gravatar.com\/avatar\/a3a032203e7cbaf21b3c6f5e9135603d87fad529539970087ce6822a70d75320?s=96&d=mm&r=g\",\"contentUrl\":\"https:\/\/secure.gravatar.com\/avatar\/a3a032203e7cbaf21b3c6f5e9135603d87fad529539970087ce6822a70d75320?s=96&d=mm&r=g\",\"caption\":\"unave\"},\"sameAs\":[\"https:\/\/unave.es\"]}]}<\/script>\n<!-- \/ Yoast SEO plugin. -->","yoast_head_json":{"title":"Rideaux de verre Benidorm : \u00e9l\u00e9gance et confort toute l'ann\u00e9e","description":"Profitez de votre terrasse toute l'ann\u00e9e avec nos rideaux de verre Benidorm. Style, confort et protection, demandez un devis d\u00e8s aujourd'hui !","robots":{"index":"index","follow":"follow","max-snippet":"max-snippet:-1","max-image-preview":"max-image-preview:large","max-video-preview":"max-video-preview:-1"},"canonical":"https:\/\/unave.es\/fr\/non-categorise\/rideaux-de-verre-a-benidorm-elegance-et-confort-toute-lannee\/","og_locale":"fr_FR","og_type":"article","og_title":"Rideaux de verre Benidorm : \u00e9l\u00e9gance et confort toute l'ann\u00e9e","og_description":"Profitez de votre terrasse toute l'ann\u00e9e avec nos rideaux de verre Benidorm. Style, confort et protection, demandez un devis d\u00e8s aujourd'hui !","og_url":"https:\/\/unave.es\/fr\/non-categorise\/rideaux-de-verre-a-benidorm-elegance-et-confort-toute-lannee\/","og_site_name":"Unave","article_published_time":"2025-08-04T11:32:00+00:00","article_modified_time":"2026-01-22T08:39:48+00:00","og_image":[{"width":1000,"height":500,"url":"https:\/\/unave.es\/wp-content\/uploads\/2025\/07\/cortinas-de-cristal-benidorm.jpg","type":"image\/jpeg"}],"author":"unave","twitter_card":"summary_large_image","twitter_misc":{"\u00c9crit par":"unave","Dur\u00e9e de lecture estim\u00e9e":"2 minutes"},"schema":{"@context":"https:\/\/schema.org","@graph":[{"@type":"Article","@id":"https:\/\/unave.es\/fr\/non-categorise\/rideaux-de-verre-a-benidorm-elegance-et-confort-toute-lannee\/#article","isPartOf":{"@id":"https:\/\/unave.es\/fr\/non-categorise\/rideaux-de-verre-a-benidorm-elegance-et-confort-toute-lannee\/"},"author":{"name":"unave","@id":"https:\/\/unave.es\/fr\/#\/schema\/person\/64519cf7915384e41da0638fdfb94845"},"headline":"Rideaux de verre \u00e0 Benidorm : \u00e9l\u00e9gance et confort toute l&rsquo;ann\u00e9e","datePublished":"2025-08-04T11:32:00+00:00","dateModified":"2026-01-22T08:39:48+00:00","mainEntityOfPage":{"@id":"https:\/\/unave.es\/fr\/non-categorise\/rideaux-de-verre-a-benidorm-elegance-et-confort-toute-lannee\/"},"wordCount":455,"image":{"@id":"https:\/\/unave.es\/fr\/non-categorise\/rideaux-de-verre-a-benidorm-elegance-et-confort-toute-lannee\/#primaryimage"},"thumbnailUrl":"https:\/\/unave.es\/wp-content\/uploads\/2025\/07\/cortinas-de-cristal-benidorm.jpg","articleSection":["Non cat\u00e9goris\u00e9"],"inLanguage":"fr-FR"},{"@type":"WebPage","@id":"https:\/\/unave.es\/fr\/non-categorise\/rideaux-de-verre-a-benidorm-elegance-et-confort-toute-lannee\/","url":"https:\/\/unave.es\/fr\/non-categorise\/rideaux-de-verre-a-benidorm-elegance-et-confort-toute-lannee\/","name":"Rideaux de verre Benidorm : \u00e9l\u00e9gance et confort toute l'ann\u00e9e","isPartOf":{"@id":"https:\/\/unave.es\/fr\/#website"},"primaryImageOfPage":{"@id":"https:\/\/unave.es\/fr\/non-categorise\/rideaux-de-verre-a-benidorm-elegance-et-confort-toute-lannee\/#primaryimage"},"image":{"@id":"https:\/\/unave.es\/fr\/non-categorise\/rideaux-de-verre-a-benidorm-elegance-et-confort-toute-lannee\/#primaryimage"},"thumbnailUrl":"https:\/\/unave.es\/wp-content\/uploads\/2025\/07\/cortinas-de-cristal-benidorm.jpg","datePublished":"2025-08-04T11:32:00+00:00","dateModified":"2026-01-22T08:39:48+00:00","author":{"@id":"https:\/\/unave.es\/fr\/#\/schema\/person\/64519cf7915384e41da0638fdfb94845"},"description":"Profitez de votre terrasse toute l'ann\u00e9e avec nos rideaux de verre Benidorm. Style, confort et protection, demandez un devis d\u00e8s aujourd'hui !","breadcrumb":{"@id":"https:\/\/unave.es\/fr\/non-categorise\/rideaux-de-verre-a-benidorm-elegance-et-confort-toute-lannee\/#breadcrumb"},"inLanguage":"fr-FR","potentialAction":[{"@type":"ReadAction","target":["https:\/\/unave.es\/fr\/non-categorise\/rideaux-de-verre-a-benidorm-elegance-et-confort-toute-lannee\/"]}]},{"@type":"ImageObject","inLanguage":"fr-FR","@id":"https:\/\/unave.es\/fr\/non-categorise\/rideaux-de-verre-a-benidorm-elegance-et-confort-toute-lannee\/#primaryimage","url":"https:\/\/unave.es\/wp-content\/uploads\/2025\/07\/cortinas-de-cristal-benidorm.jpg","contentUrl":"https:\/\/unave.es\/wp-content\/uploads\/2025\/07\/cortinas-de-cristal-benidorm.jpg","width":1000,"height":500},{"@type":"BreadcrumbList","@id":"https:\/\/unave.es\/fr\/non-categorise\/rideaux-de-verre-a-benidorm-elegance-et-confort-toute-lannee\/#breadcrumb","itemListElement":[{"@type":"ListItem","position":1,"name":"Portada","item":"https:\/\/unave.es\/fr\/"},{"@type":"ListItem","position":2,"name":"Rideaux de verre \u00e0 Benidorm : \u00e9l\u00e9gance et confort toute l&rsquo;ann\u00e9e"}]},{"@type":"WebSite","@id":"https:\/\/unave.es\/fr\/#website","url":"https:\/\/unave.es\/fr\/","name":"Unave","description":"","potentialAction":[{"@type":"SearchAction","target":{"@type":"EntryPoint","urlTemplate":"https:\/\/unave.es\/fr\/?s={search_term_string}"},"query-input":{"@type":"PropertyValueSpecification","valueRequired":true,"valueName":"search_term_string"}}],"inLanguage":"fr-FR"},{"@type":"Person","@id":"https:\/\/unave.es\/fr\/#\/schema\/person\/64519cf7915384e41da0638fdfb94845","name":"unave","image":{"@type":"ImageObject","inLanguage":"fr-FR","@id":"https:\/\/unave.es\/fr\/#\/schema\/person\/image\/","url":"https:\/\/secure.gravatar.com\/avatar\/a3a032203e7cbaf21b3c6f5e9135603d87fad529539970087ce6822a70d75320?s=96&d=mm&r=g","contentUrl":"https:\/\/secure.gravatar.com\/avatar\/a3a032203e7cbaf21b3c6f5e9135603d87fad529539970087ce6822a70d75320?s=96&d=mm&r=g","caption":"unave"},"sameAs":["https:\/\/unave.es"]}]}},"_links":{"self":[{"href":"https:\/\/unave.es\/fr\/wp-json\/wp\/v2\/posts\/9717","targetHints":{"allow":["GET"]}}],"collection":[{"href":"https:\/\/unave.es\/fr\/wp-json\/wp\/v2\/posts"}],"about":[{"href":"https:\/\/unave.es\/fr\/wp-json\/wp\/v2\/types\/post"}],"author":[{"embeddable":true,"href":"https:\/\/unave.es\/fr\/wp-json\/wp\/v2\/users\/1"}],"replies":[{"embeddable":true,"href":"https:\/\/unave.es\/fr\/wp-json\/wp\/v2\/comments?post=9717"}],"version-history":[{"count":1,"href":"https:\/\/unave.es\/fr\/wp-json\/wp\/v2\/posts\/9717\/revisions"}],"predecessor-version":[{"id":9718,"href":"https:\/\/unave.es\/fr\/wp-json\/wp\/v2\/posts\/9717\/revisions\/9718"}],"wp:featuredmedia":[{"embeddable":true,"href":"https:\/\/unave.es\/fr\/wp-json\/wp\/v2\/media\/9714"}],"wp:attachment":[{"href":"https:\/\/unave.es\/fr\/wp-json\/wp\/v2\/media?parent=9717"}],"wp:term":[{"taxonomy":"category","embeddable":true,"href":"https:\/\/unave.es\/fr\/wp-json\/wp\/v2\/categories?post=9717"},{"taxonomy":"post_tag","embeddable":true,"href":"https:\/\/unave.es\/fr\/wp-json\/wp\/v2\/tags?post=9717"}],"curies":[{"name":"wp","href":"https:\/\/api.w.org\/{rel}","templated":true}]}}